{"id":2610,"date":"2016-10-13T11:09:48","date_gmt":"2016-10-13T14:09:48","guid":{"rendered":"http:\/\/actualidadadiario.com\/site\/?p=2610"},"modified":"2016-10-13T11:09:48","modified_gmt":"2016-10-13T14:09:48","slug":"duro-cruce-entre-maradona-y-veron-en-el-partido-por-la-paz","status":"publish","type":"post","link":"https:\/\/www.actualidadadiario.com\/index.php\/2016\/10\/13\/duro-cruce-entre-maradona-y-veron-en-el-partido-por-la-paz\/","title":{"rendered":"Duro cruce entre Maradona y Ver\u00f3n en el Partido por la Paz"},"content":{"rendered":"<h3 style=\"background: white;\"><em><strong><span style=\"font-size: 15pt; font-family: Helvetica, sans-serif; color: black;\">Diego Maradona y Juan Sebasti\u00e1n Ver\u00f3n protagonizaron hoy una discusi\u00f3n en el partido a beneficio &#8216;Unidos por la Paz&#8217; que se celebr\u00f3 en el estadio Ol\u00edmpico de Roma, en Italia, y que antes de jugarse tuvo la bendici\u00f3n del Papa Francisco<\/span><\/strong><\/em><\/h3>\n<h3 style=\"background: white;\"><span style=\"font-size: 15.0pt; font-family: 'Helvetica','sans-serif'; color: black; font-weight: normal;\">\u00a0<\/span><\/h3>\n<h3 style=\"background: white;\"><span style=\"font-size: 15.0pt; font-family: 'Helvetica','sans-serif'; color: black; font-weight: normal;\">\u00a0<\/span><\/h3>\n<h3 style=\"background: white;\"><span style=\"font-size: 15.0pt; font-family: 'Helvetica','sans-serif'; color: black; font-weight: normal;\">\u00a0<\/span><\/h3>\n<h3 style=\"background: white;\"><span style=\"font-size: 15.0pt; font-family: 'Helvetica','sans-serif'; color: black; font-weight: normal;\">El contrapunto entre Maradona y Ver\u00f3n se produjo en el entretiempo, cuando el ex capit\u00e1n del seleccionado argentino de f\u00fatbol en los Mundiales M\u00e9xico &#8217;86 e Italia &#8217;90 se acerc\u00f3 de manera amistosa al actual presidente de Estudiantes de La Plata, quien lanz\u00f3 una respuesta en el campo de juego que no fue del agrado del &#8220;Diez&#8221;.<\/span><\/h3>\n<h3 style=\"background: white;\"><span style=\"font-size: 15.0pt; font-family: 'Helvetica','sans-serif'; color: black; font-weight: normal;\">\u00a0<\/span><\/h3>\n<h3 style=\"background: white;\"><span style=\"font-size: 15.0pt; font-family: 'Helvetica','sans-serif'; color: black; font-weight: normal;\">&#8220;Yo no te boludeo, te digo las cosas en la cara&#8221;, le dijo Maradona a Ver\u00f3n, con evidente molestia, a metros de distancia del ingreso al vestuario, con la c\u00e1mara del canal italiano Rai como testigo.<\/span><\/h3>\n<h3 style=\"background: white;\"><span style=\"font-size: 15.0pt; font-family: 'Helvetica','sans-serif'; color: black; font-weight: normal;\">\u00a0<\/span><\/h3>\n<h3 style=\"background: white;\"><span style=\"font-size: 15.0pt; font-family: 'Helvetica','sans-serif'; color: black; font-weight: normal;\">Maradona y Ver\u00f3n cruzaron declaraciones cuando estall\u00f3 la crisis institucional en AFA. &#8220;Ver\u00f3n me traicion\u00f3. Ahora se hace el dirigente. Conmigo no da un paso adelante. Yo no quiero saber nada con \u00e9l ni con el padre (Juan Ram\u00f3n)&#8221;, se\u00f1al\u00f3 por entonces el ex n\u00famero 10 de Argentinos Juniors y Boca.<\/span><\/h3>\n<h3 style=\"background: white;\"><span style=\"font-size: 15.0pt; font-family: 'Helvetica','sans-serif'; color: black; font-weight: normal;\">\u00a0<\/span><\/h3>\n<h3 style=\"background: white;\"><span style=\"font-size: 15.0pt; font-family: 'Helvetica','sans-serif'; color: black; font-weight: normal;\">&#8220;Cuando ten\u00e9s una c\u00e1mara, es f\u00e1cil decir esas cosas. Distinto es hacerlo frente a frente. Yo no tuve problemas con Maradona, \u00e9l se ve que s\u00ed los tiene conmigo. Maradona habla de traiciones, encima. No sirve nada de lo que dice, no suma&#8221;, respondi\u00f3 r\u00e1pidamente Ver\u00f3n.<\/span><\/h3>\n<h3 style=\"background: white;\"><span style=\"font-size: 15.0pt; font-family: 'Helvetica','sans-serif'; color: black; font-weight: normal;\">\u00a0<\/span><\/h3>\n<h3 style=\"background: white;\"><span style=\"font-size: 15.0pt; font-family: 'Helvetica','sans-serif'; color: black; font-weight: normal;\">Ayer a la tarde (la noche en la ciudad de Roma) &#8220;La Liga de la Paz&#8221;, con el brasile\u00f1o Ronaldihno, derrot\u00f3 a &#8220;La Escuadra del Encuentro&#8221;, con Maradona, por 4 a 3. Los goles del conjunto de la &#8220;Paz&#8221; fueron anotados por el franc\u00e9s Fr\u00e9d\u00e9ric Kanout\u00e9, el espa\u00f1ol Bojan Krki\u0107, y los argentinos Hern\u00e1n Crespo y Fernando Cavenaghi. Para &#8220;Encuentro&#8221; marcaron los italianos Alberto Di Natale y Totti y el defensor argentino Nicol\u00e1s Burdisso.<\/span><\/h3>\n<h3 style=\"background: white;\"><span style=\"font-size: 15.0pt; font-family: 'Helvetica','sans-serif'; color: black; font-weight: normal;\">\u00a0<\/span><\/h3>\n<h3 style=\"background: white;\"><span style=\"font-size: 15.0pt; font-family: 'Helvetica','sans-serif'; color: black; font-weight: normal;\">Del encuentro tambi\u00e9n participaron el ex arquero colombiano Faryd Mondrag\u00f3n, el brasile\u00f1o Caf\u00fa y el hijo de Maradona, Diego Junior, quien jug\u00f3 los minutos finales con su padre.<\/span><\/h3>\n<h3 style=\"background: white;\"><span style=\"font-size: 15.0pt; font-family: 'Helvetica','sans-serif'; color: black; font-weight: normal;\">\u00a0<\/span><\/h3>\n<h3 style=\"background: white; margin: 7.5pt 0cm 7.5pt 0cm;\"><span style=\"font-size: 15.0pt; font-family: 'Helvetica','sans-serif'; color: black; font-weight: normal;\">Parte de la recaudaci\u00f3n se destinar\u00e1 a proyectos de ayuda para las v\u00edctimas del terremoto que el pasado 24 de agosto dej\u00f3 casi 300 muertos en el centro de Italia.<\/span><\/h3>\n","protected":false},"excerpt":{"rendered":"<p>Diego Maradona y Juan Sebasti\u00e1n Ver\u00f3n protagonizaron hoy una discusi\u00f3n en el partido a beneficio &#8216;Unidos por la Paz&#8217; que se celebr\u00f3 en el estadio Ol\u00edmpico de Roma, en Italia, y que antes de jugarse tuvo la bendici\u00f3n del Papa Francisco \u00a0 \u00a0 \u00a0 El contrapunto entre Maradona y Ver\u00f3n se produjo en el entretiempo, cuando el ex capit\u00e1n del seleccionado argentino de f\u00fatbol en los Mundiales M\u00e9xico &#8217;86 e Italia &#8217;90 se acerc\u00f3 de manera amistosa al actual presidente de Estudiantes de La Plata, quien lanz\u00f3 una respuesta en&#8230;<\/p>\n","protected":false},"author":3,"featured_media":2611,"comment_status":"closed","ping_status":"closed","sticky":false,"template":"","format":"standard","meta":[],"categories":[4],"tags":[],"_links":{"self":[{"href":"https:\/\/www.actualidadadiario.com\/index.php\/wp-json\/wp\/v2\/posts\/2610"}],"collection":[{"href":"https:\/\/www.actualidadadiario.com\/index.php\/wp-json\/wp\/v2\/posts"}],"about":[{"href":"https:\/\/www.actualidadadiario.com\/index.php\/wp-json\/wp\/v2\/types\/post"}],"author":[{"embeddable":true,"href":"https:\/\/www.actualidadadiario.com\/index.php\/wp-json\/wp\/v2\/users\/3"}],"replies":[{"embeddable":true,"href":"https:\/\/www.actualidadadiario.com\/index.php\/wp-json\/wp\/v2\/comments?post=2610"}],"version-history":[{"count":1,"href":"https:\/\/www.actualidadadiario.com\/index.php\/wp-json\/wp\/v2\/posts\/2610\/revisions"}],"predecessor-version":[{"id":2612,"href":"https:\/\/www.actualidadadiario.com\/index.php\/wp-json\/wp\/v2\/posts\/2610\/revisions\/2612"}],"wp:featuredmedia":[{"embeddable":true,"href":"https:\/\/www.actualidadadiario.com\/index.php\/wp-json\/wp\/v2\/media\/2611"}],"wp:attachment":[{"href":"https:\/\/www.actualidadadiario.com\/index.php\/wp-json\/wp\/v2\/media?parent=2610"}],"wp:term":[{"taxonomy":"category","embeddable":true,"href":"https:\/\/www.actualidadadiario.com\/index.php\/wp-json\/wp\/v2\/categories?post=2610"},{"taxonomy":"post_tag","embeddable":true,"href":"https:\/\/www.actualidadadiario.com\/index.php\/wp-json\/wp\/v2\/tags?post=2610"}],"curies":[{"name":"wp","href":"https:\/\/api.w.org\/{rel}","templated":true}]}}