{"id":261,"date":"2016-08-24T08:42:28","date_gmt":"2016-08-24T11:42:28","guid":{"rendered":"http:\/\/actualidadadiario.com\/site\/?p=261"},"modified":"2016-08-24T08:42:28","modified_gmt":"2016-08-24T11:42:28","slug":"convocan-a-participar-del-salon-anual-de-artistas-plasticos-de-entre-rios-2016","status":"publish","type":"post","link":"https:\/\/www.actualidadadiario.com\/index.php\/2016\/08\/24\/convocan-a-participar-del-salon-anual-de-artistas-plasticos-de-entre-rios-2016\/","title":{"rendered":"Convocan a participar del Sal\u00f3n Anual de Artistas Pl\u00e1sticos de Entre R\u00edos 2016"},"content":{"rendered":"<p><em><strong>El acontecimiento anual que re\u00fane a artistas de distintos puntos de la provincia festejar\u00e1 su edici\u00f3n n\u00famero 53 en el marco de la celebraci\u00f3n de los 90 a\u00f1os del Museo Provincial de Bellas Artes. La Secretar\u00eda de Cultura del Ministerio de Cultura y Comunicaci\u00f3n de la Provincia, a trav\u00e9s del Museo Provincial de Bellas Artes \u201cDr. Pedro E. Mart\u00ednez\u201d, invita a la comunidad art\u00edstica entrerriana a participar presentando obras en las disciplinas de pintura, dibujo, grabado, escultura y arte cer\u00e1mico. El plazo de recepci\u00f3n de obras se extender\u00e1 desde el Martes 23 de septiembre hasta el Viernes 28 de octubre del corriente a\u00f1o<\/strong><\/em><\/p>\n<p>&nbsp;<\/p>\n<p>&nbsp;<\/p>\n<p>&nbsp;<\/p>\n<p>Hace m\u00e1s de medio siglo, este tradicional Sal\u00f3n constituye una de las modalidades m\u00e1s importantes de ingreso de obras a la Colecci\u00f3n Patrimonial del Museo, permitiendo \u2013 a trav\u00e9s de los Premios Adquisici\u00f3n \u201cGobierno de Entre R\u00edos\u201d- la incorporaci\u00f3n de un total de 10 obras por a\u00f1o. Este acontecimiento que premia y reconoce especialmente a los artistas entrerrianos ha permitido dar cuenta de la evoluci\u00f3n est\u00e9tica y tem\u00e1tica del arte de la provincia a trav\u00e9s del tiempo, conformando una verdadera colecci\u00f3n sobre la historia del arte de la provincia.<\/p>\n<p>La realizaci\u00f3n de un Sal\u00f3n Anual exclusivamente destinado a artistas provinciales, se inscribe en las pol\u00edticas activas de valoraci\u00f3n y est\u00edmulo al arte y a sus creadores impulsadas desde el gobierno provincial, generando un v\u00ednculo rec\u00edproco de enriquecimiento entre los artistas y la comunidad. El Museo Provincial funciona, en este sentido, como custodio de una vasta colecci\u00f3n de arte y como responsable de poner al alcance de la poblaci\u00f3n en su conjunto el patrimonio art\u00edstico que nos representa y nos identifica. La participaci\u00f3n del \u00faltimo sal\u00f3n fue 230 obras, con un total de 85 piezas seleccionadas pertenecientes a 50 artistas de todo el territorio provincial.<\/p>\n<p>&nbsp;<br \/>\nEdici\u00f3n 2016<\/p>\n<p>A partir del martes 23 de agosto, el Reglamento de Bases y Condiciones puede solicitarse personalmente en la sede del Museo Provincial de Bellas Artes o v\u00eda correo electr\u00f3nico a gestionbellasartes@gmail.com.<br \/>\nLa recepci\u00f3n de las obras se realizar\u00e1 exclusivamente de Martes a Viernes de 8 a 12 y de 16 a 20 horas, a partir del 20 de septiembre hasta el 28 de octubre inclusive, en la sede del Museo Provincial de Bellas Artes \u201cDr. Pedro E. Mart\u00ednez\u201d. No se recibir\u00e1n obras los fines de semana ni los d\u00edas feriados.<\/p>\n<p>&nbsp;<\/p>\n<p>&nbsp;<\/p>\n<p><strong>Informes\u00a0<\/strong><\/p>\n<p>Museo Provincial de Bellas Artes &#8220;Dr. Pedro E. Mart\u00ednez&#8221;<br \/>\nSecretar\u00eda de Cultura<br \/>\nMinisterio de Cultura y Comunicaci\u00f3n<br \/>\nGobierno de Entre R\u00edos<br \/>\nBuenos Aires 355 \u2013 Paran\u00e1<br \/>\n0343 4207868\/918<br \/>\ne-mail: gestionbellasartes@gmail.com<br \/>\nFacebook: www.facebook.com\/museo.p.bellasartes<\/p>\n","protected":false},"excerpt":{"rendered":"<p>El acontecimiento anual que re\u00fane a artistas de distintos puntos de la provincia festejar\u00e1 su edici\u00f3n n\u00famero 53 en el marco de la celebraci\u00f3n de los 90 a\u00f1os del Museo Provincial de Bellas Artes. La Secretar\u00eda de Cultura del Ministerio de Cultura y Comunicaci\u00f3n de la Provincia, a trav\u00e9s del Museo Provincial de Bellas Artes \u201cDr. Pedro E. Mart\u00ednez\u201d, invita a la comunidad art\u00edstica entrerriana a participar presentando obras en las disciplinas de pintura, dibujo, grabado, escultura y arte cer\u00e1mico. El plazo de recepci\u00f3n de obras se extender\u00e1 desde el&#8230;<\/p>\n","protected":false},"author":3,"featured_media":262,"comment_status":"closed","ping_status":"open","sticky":false,"template":"","format":"standard","meta":[],"categories":[4],"tags":[],"_links":{"self":[{"href":"https:\/\/www.actualidadadiario.com\/index.php\/wp-json\/wp\/v2\/posts\/261"}],"collection":[{"href":"https:\/\/www.actualidadadiario.com\/index.php\/wp-json\/wp\/v2\/posts"}],"about":[{"href":"https:\/\/www.actualidadadiario.com\/index.php\/wp-json\/wp\/v2\/types\/post"}],"author":[{"embeddable":true,"href":"https:\/\/www.actualidadadiario.com\/index.php\/wp-json\/wp\/v2\/users\/3"}],"replies":[{"embeddable":true,"href":"https:\/\/www.actualidadadiario.com\/index.php\/wp-json\/wp\/v2\/comments?post=261"}],"version-history":[{"count":1,"href":"https:\/\/www.actualidadadiario.com\/index.php\/wp-json\/wp\/v2\/posts\/261\/revisions"}],"predecessor-version":[{"id":263,"href":"https:\/\/www.actualidadadiario.com\/index.php\/wp-json\/wp\/v2\/posts\/261\/revisions\/263"}],"wp:featuredmedia":[{"embeddable":true,"href":"https:\/\/www.actualidadadiario.com\/index.php\/wp-json\/wp\/v2\/media\/262"}],"wp:attachment":[{"href":"https:\/\/www.actualidadadiario.com\/index.php\/wp-json\/wp\/v2\/media?parent=261"}],"wp:term":[{"taxonomy":"category","embeddable":true,"href":"https:\/\/www.actualidadadiario.com\/index.php\/wp-json\/wp\/v2\/categories?post=261"},{"taxonomy":"post_tag","embeddable":true,"href":"https:\/\/www.actualidadadiario.com\/index.php\/wp-json\/wp\/v2\/tags?post=261"}],"curies":[{"name":"wp","href":"https:\/\/api.w.org\/{rel}","templated":true}]}}