{"id":2607,"date":"2016-10-13T11:08:27","date_gmt":"2016-10-13T14:08:27","guid":{"rendered":"http:\/\/actualidadadiario.com\/site\/?p=2607"},"modified":"2016-10-13T11:08:27","modified_gmt":"2016-10-13T14:08:27","slug":"investigan-a-una-quimica-por-el-vertido-de-los-contaminantes-industriales-en-el-parana","status":"publish","type":"post","link":"https:\/\/www.actualidadadiario.com\/index.php\/2016\/10\/13\/investigan-a-una-quimica-por-el-vertido-de-los-contaminantes-industriales-en-el-parana\/","title":{"rendered":"Investigan a una qu\u00edmica por el vertido de los contaminantes industriales en el Paran\u00e1"},"content":{"rendered":"<p class=\"preview\" style=\"background: white;\"><em><strong><span style=\"font-size: 15.0pt; font-family: 'Arial','sans-serif'; color: black;\">Se trata de una denuncia realizada en junio de 2015 y que no hab\u00eda avanzado dado que un juez federal de San Nicol\u00e1s como la C\u00e1mara Federal de Rosario se declararon incompetentes en ese momento<\/span><\/strong><\/em><\/p>\n<p class=\"preview\" style=\"background: white;\"><span style=\"font-size: 15.0pt; font-family: 'Arial','sans-serif'; color: black;\">\u00a0<\/span><\/p>\n<p class=\"preview\" style=\"background: white;\"><span style=\"font-size: 15.0pt; font-family: 'Arial','sans-serif'; color: black;\">\u00a0<\/span><\/p>\n<p class=\"preview\" style=\"background: white;\"><span style=\"font-size: 15.0pt; font-family: 'Arial','sans-serif'; color: black;\">\u00a0<\/span><\/p>\n<p class=\"preview\" style=\"background: white;\"><span style=\"font-size: 15.0pt; font-family: 'Arial','sans-serif'; color: black;\">\u00a0<\/span><\/p>\n<p class=\"preview\" style=\"background: white;\"><span style=\"font-size: 15.0pt; font-family: 'Arial','sans-serif'; color: black;\">\u00a0<\/span><\/p>\n<p class=\"preview\" style=\"background: white;\"><span style=\"font-size: 15.0pt; font-family: 'Arial','sans-serif'; color: black;\">\u00a0<\/span><\/p>\n<p class=\"preview\" style=\"background: white;\"><span style=\"font-size: 15.0pt; font-family: 'Arial','sans-serif'; color: black;\">\u00a0<\/span><\/p>\n<p class=\"preview\" style=\"background: white;\"><span style=\"font-size: 15.0pt; font-family: 'Arial','sans-serif'; color: black;\">La productora de agroqu\u00edmicos Atanor ser\u00e1 investigada por la justicia federal seg\u00fan lo resuelto por la\u00a0 Sala III de la C\u00e1mara Federal de Casaci\u00f3n Penal al hacer lugar al pedido de la fiscal\u00eda y del abogado querellante Fabi\u00e1n Maggi, en representaci\u00f3n de la Asociaci\u00f3n Civil Protecci\u00f3n Ambiental del r\u00edo Paran\u00e1.<\/span><\/p>\n<p class=\"preview\" style=\"background: white;\"><span style=\"font-size: 15.0pt; font-family: 'Arial','sans-serif'; color: black;\">\u00a0<\/span><\/p>\n<p class=\"preview\" style=\"background: white;\"><span style=\"font-size: 15.0pt; font-family: 'Arial','sans-serif'; color: black;\">\u00a0<\/span><\/p>\n<p class=\"preview\" style=\"background: white;\"><span style=\"font-size: 15.0pt; font-family: 'Arial','sans-serif'; color: black;\">\u00a0<\/span><\/p>\n<p class=\"preview\" style=\"background: white;\"><span style=\"font-size: 15.0pt; font-family: 'Arial','sans-serif'; color: black;\">\u00a0<\/span><\/p>\n<p class=\"preview\" style=\"background: white;\"><span style=\"font-size: 15.0pt; font-family: 'Arial','sans-serif'; color: black;\">\u00a0<\/span><\/p>\n<p class=\"preview\" style=\"background: white;\"><span style=\"font-size: 15.0pt; font-family: 'Arial','sans-serif'; color: black;\">La investigaci\u00f3n es a ra\u00edz de una denuncia de hace m\u00e1s de un a\u00f1o en el que se se\u00f1al\u00f3 que Atanor vert\u00eda desechos industriales no tratados en las aguas del r\u00edo Paran\u00e1. Los jueces\u00a0 Eduardo Riggi, Liliana Catucci y Juan Carlos Gemignani, ordenaron que el Juzgado Federal N\u00b02 de San Nicol\u00e1s se haga cargo del expediente.<\/span><\/p>\n<p class=\"preview\" style=\"background: white;\"><span style=\"font-size: 15.0pt; font-family: 'Arial','sans-serif'; color: black;\">\u00a0<\/span><\/p>\n<p class=\"preview\" style=\"background: white;\"><span style=\"font-size: 15.0pt; font-family: 'Arial','sans-serif'; color: black;\">\u00a0<\/span><\/p>\n<p class=\"preview\" style=\"background: white;\"><span style=\"font-size: 15.0pt; font-family: 'Arial','sans-serif'; color: black;\">\u00a0<\/span><\/p>\n<p class=\"preview\" style=\"background: white;\"><span style=\"font-size: 15.0pt; font-family: 'Arial','sans-serif'; color: black;\">Los delitos ambientales denunciados no eran hechos aislados ya que la firma tambi\u00e9n est\u00e1 denunciada por escapes gaseosos de gran magnitud, que causaron cefaleas, irritaci\u00f3n visual y de las v\u00edas respiratorias a varios vecinos del Barrio Qu\u00edmica, de la ciudad del norte bonaerense.<\/span><\/p>\n<p class=\"preview\" style=\"background: white;\"><span style=\"font-size: 15.0pt; font-family: 'Arial','sans-serif'; color: black;\">\u00a0<\/span><\/p>\n<p class=\"preview\" style=\"background: white;\"><span style=\"font-size: 15.0pt; font-family: 'Arial','sans-serif'; color: black;\">\u00a0<\/span><\/p>\n<p class=\"preview\" style=\"background: white;\"><span style=\"font-size: 15.0pt; font-family: 'Arial','sans-serif'; color: black;\">\u00a0<\/span><\/p>\n<p class=\"preview\" style=\"background: white;\"><span style=\"font-size: 15.0pt; font-family: 'Arial','sans-serif'; color: black;\">Un estudio de la Universidad Nacional de La Plata determin\u00f3 que Atanor realiza una sobre explotaci\u00f3n de las aguas subterr\u00e1neas para diluir los contaminantes y as\u00ed volcarlos al curso de agua. Adem\u00e1s la empresa presentaba tratamientos falsos de racionalizaci\u00f3n del agua.<\/span><\/p>\n","protected":false},"excerpt":{"rendered":"<p>Se trata de una denuncia realizada en junio de 2015 y que no hab\u00eda avanzado dado que un juez federal de San Nicol\u00e1s como la C\u00e1mara Federal de Rosario se declararon incompetentes en ese momento \u00a0 \u00a0 \u00a0 \u00a0 \u00a0 \u00a0 \u00a0 La productora de agroqu\u00edmicos Atanor ser\u00e1 investigada por la justicia federal seg\u00fan lo resuelto por la\u00a0 Sala III de la C\u00e1mara Federal de Casaci\u00f3n Penal al hacer lugar al pedido de la fiscal\u00eda y del abogado querellante Fabi\u00e1n Maggi, en representaci\u00f3n de la Asociaci\u00f3n Civil Protecci\u00f3n Ambiental del&#8230;<\/p>\n","protected":false},"author":3,"featured_media":2608,"comment_status":"closed","ping_status":"closed","sticky":false,"template":"","format":"standard","meta":[],"categories":[4],"tags":[],"_links":{"self":[{"href":"https:\/\/www.actualidadadiario.com\/index.php\/wp-json\/wp\/v2\/posts\/2607"}],"collection":[{"href":"https:\/\/www.actualidadadiario.com\/index.php\/wp-json\/wp\/v2\/posts"}],"about":[{"href":"https:\/\/www.actualidadadiario.com\/index.php\/wp-json\/wp\/v2\/types\/post"}],"author":[{"embeddable":true,"href":"https:\/\/www.actualidadadiario.com\/index.php\/wp-json\/wp\/v2\/users\/3"}],"replies":[{"embeddable":true,"href":"https:\/\/www.actualidadadiario.com\/index.php\/wp-json\/wp\/v2\/comments?post=2607"}],"version-history":[{"count":1,"href":"https:\/\/www.actualidadadiario.com\/index.php\/wp-json\/wp\/v2\/posts\/2607\/revisions"}],"predecessor-version":[{"id":2609,"href":"https:\/\/www.actualidadadiario.com\/index.php\/wp-json\/wp\/v2\/posts\/2607\/revisions\/2609"}],"wp:featuredmedia":[{"embeddable":true,"href":"https:\/\/www.actualidadadiario.com\/index.php\/wp-json\/wp\/v2\/media\/2608"}],"wp:attachment":[{"href":"https:\/\/www.actualidadadiario.com\/index.php\/wp-json\/wp\/v2\/media?parent=2607"}],"wp:term":[{"taxonomy":"category","embeddable":true,"href":"https:\/\/www.actualidadadiario.com\/index.php\/wp-json\/wp\/v2\/categories?post=2607"},{"taxonomy":"post_tag","embeddable":true,"href":"https:\/\/www.actualidadadiario.com\/index.php\/wp-json\/wp\/v2\/tags?post=2607"}],"curies":[{"name":"wp","href":"https:\/\/api.w.org\/{rel}","templated":true}]}}