{"id":2599,"date":"2016-10-13T10:52:08","date_gmt":"2016-10-13T13:52:08","guid":{"rendered":"http:\/\/actualidadadiario.com\/site\/?p=2599"},"modified":"2016-10-13T10:52:08","modified_gmt":"2016-10-13T13:52:08","slug":"el-gobierno-convoco-a-una-mesa-de-dialogo-entre-sindicatos-y-empresarios","status":"publish","type":"post","link":"https:\/\/www.actualidadadiario.com\/index.php\/2016\/10\/13\/el-gobierno-convoco-a-una-mesa-de-dialogo-entre-sindicatos-y-empresarios\/","title":{"rendered":"El Gobierno convoc\u00f3 a una mesa de di\u00e1logo entre sindicatos y empresarios"},"content":{"rendered":"<p class=\"preview\" style=\"background: white;\"><em><strong><span style=\"font-size: 15.0pt; font-family: 'Arial','sans-serif'; color: black;\">Luego de que la CGT pusiera en stand by al paro nacional, discutir\u00e1 sobre empleo, salarios y productividad<\/span><\/strong><\/em><\/p>\n<p class=\"preview\" style=\"background: white;\"><span style=\"font-size: 15.0pt; font-family: 'Arial','sans-serif'; color: black;\">\u00a0<\/span><\/p>\n<p class=\"preview\" style=\"background: white;\"><span style=\"font-size: 15.0pt; font-family: 'Arial','sans-serif'; color: black;\">\u00a0<\/span><\/p>\n<p class=\"preview\" style=\"background: white;\"><span style=\"font-size: 15.0pt; font-family: 'Arial','sans-serif'; color: black;\">\u00a0<\/span><\/p>\n<p class=\"preview\" style=\"background: white;\"><span style=\"font-size: 15.0pt; font-family: 'Arial','sans-serif'; color: black;\">\u00a0<\/span><\/p>\n<p class=\"preview\" style=\"background: white;\"><span style=\"font-size: 15.0pt; font-family: 'Arial','sans-serif'; color: black;\">Tras lograr frenar el intento de paro nacional por parte dela CGT, el Gobierno nacional convoc\u00f3 a una mesa de di\u00e1logo entre los empresarios y sindicatos para discutir sobre productividad, empleo y salarios. En dicha reuni\u00f3n, que tendr\u00eda lugar el mi\u00e9rcoles pr\u00f3ximo, quedar\u00eda abierta la discusi\u00f3n para un eventual bono de fin de a\u00f1o para trabajadores del sector privado y estatal.<\/span><\/p>\n<p class=\"preview\" style=\"background: white;\"><span style=\"font-size: 15.0pt; font-family: 'Arial','sans-serif'; color: black;\">\u00a0<\/span><\/p>\n<p class=\"preview\" style=\"background: white;\"><span style=\"font-size: 15.0pt; font-family: 'Arial','sans-serif'; color: black;\">\u00a0<\/span><\/p>\n<p class=\"preview\" style=\"background: white;\"><span style=\"font-size: 15.0pt; font-family: 'Arial','sans-serif'; color: black;\">El llamado &#8220;Di\u00e1logo para la producci\u00f3n y el trabajo&#8221; estar\u00e1 conformado por &#8220;representantes de trabajadores y empresarios organizados en entidades representativas que los nuclean&#8221;, pero deja abierta la convocatoria para &#8221; otros representantes de la sociedad civil&#8221; que la jefatura de Gabinete considere necesarios. En ese sentido, se especula que la Iglesia, principal promotor de la &#8220;cultura del encuentro&#8221;, pueda ser llamada.<\/span><\/p>\n<p class=\"preview\" style=\"background: white;\"><span style=\"font-size: 15.0pt; font-family: 'Arial','sans-serif'; color: black;\">\u00a0<\/span><\/p>\n<p class=\"preview\" style=\"background: white;\"><span style=\"font-size: 15.0pt; font-family: 'Arial','sans-serif'; color: black;\">Seg\u00fan el Decreto 1092\/2016, publicado en el Bolet\u00edn Oficial este jueves, la convocatoria tiene el fin de &#8220;crear un espacio donde se discutan los lineamientos generales orientados a la creaci\u00f3n de empleo, la protecci\u00f3n del valor adquisitivo del salario y el crecimiento de la producci\u00f3n&#8221;.<\/span><\/p>\n<p class=\"preview\" style=\"background: white;\"><span style=\"font-size: 15.0pt; font-family: 'Arial','sans-serif'; color: black;\">\u00a0<\/span><\/p>\n<p class=\"preview\" style=\"background: white;\"><span style=\"font-size: 15.0pt; font-family: 'Arial','sans-serif'; color: black;\">Seg\u00fan la decisi\u00f3n, la jefatura de Gabinete, junto a los ministerios de Trabajo y de Producci\u00f3n, &#8220;trabajar\u00e1n en comisiones referidas al sostenimiento y la promoci\u00f3n del empleo y al crecimiento de la producci\u00f3n&#8221;.<\/span><\/p>\n<p class=\"preview\" style=\"background: white;\"><span style=\"font-size: 15.0pt; font-family: 'Arial','sans-serif'; color: black;\">\u00a0<\/span><\/p>\n<p class=\"preview\" style=\"background: white;\"><span style=\"font-size: 15.0pt; font-family: 'Arial','sans-serif'; color: black;\">En la convocatoria no est\u00e1 especificado cu\u00e1ndo ser\u00e1 el primer encuentro, pero qued\u00f3 establecido. que tendr\u00e1 lugar &#8220;dentro de los pr\u00f3ximos 30 d\u00edas&#8221;. Sin embargo, la primera reuni\u00f3n ya est\u00e1 pautada para el 19 de octubre, inform\u00f3 en radio La Red le ministro de Trabajo, Jorge Triaca.<\/span><\/p>\n<p class=\"preview\" style=\"background: white;\"><span style=\"font-size: 15.0pt; font-family: 'Arial','sans-serif'; color: black;\">\u00a0<\/span><\/p>\n<p class=\"preview\" style=\"background: white;\"><span style=\"font-size: 15.0pt; font-family: 'Arial','sans-serif'; color: black;\">La medida llega luego del anuncio del Gobierno nacional de otorgar un bono de mil pesos para jubilados que cobren el haber m\u00ednimo y para cada familia cuyos hijos cobren la asignaci\u00f3n universal por hijo. Para los trabajadores de ingresos medios y altos, anunciaron la eximici\u00f3n del pago del impuesto a las Ganancias para el medio aguinaldo, solo para aquellos que ganen menos de 55 mil pesos en bruto y con un &#8220;perd\u00f3n&#8221; de hasta $15 mil en el sueldo anual complementario.<\/span><\/p>\n","protected":false},"excerpt":{"rendered":"<p>Luego de que la CGT pusiera en stand by al paro nacional, discutir\u00e1 sobre empleo, salarios y productividad \u00a0 \u00a0 \u00a0 \u00a0 Tras lograr frenar el intento de paro nacional por parte dela CGT, el Gobierno nacional convoc\u00f3 a una mesa de di\u00e1logo entre los empresarios y sindicatos para discutir sobre productividad, empleo y salarios. En dicha reuni\u00f3n, que tendr\u00eda lugar el mi\u00e9rcoles pr\u00f3ximo, quedar\u00eda abierta la discusi\u00f3n para un eventual bono de fin de a\u00f1o para trabajadores del sector privado y estatal. \u00a0 \u00a0 El llamado &#8220;Di\u00e1logo para la&#8230;<\/p>\n","protected":false},"author":3,"featured_media":2600,"comment_status":"closed","ping_status":"closed","sticky":false,"template":"","format":"standard","meta":[],"categories":[2],"tags":[],"_links":{"self":[{"href":"https:\/\/www.actualidadadiario.com\/index.php\/wp-json\/wp\/v2\/posts\/2599"}],"collection":[{"href":"https:\/\/www.actualidadadiario.com\/index.php\/wp-json\/wp\/v2\/posts"}],"about":[{"href":"https:\/\/www.actualidadadiario.com\/index.php\/wp-json\/wp\/v2\/types\/post"}],"author":[{"embeddable":true,"href":"https:\/\/www.actualidadadiario.com\/index.php\/wp-json\/wp\/v2\/users\/3"}],"replies":[{"embeddable":true,"href":"https:\/\/www.actualidadadiario.com\/index.php\/wp-json\/wp\/v2\/comments?post=2599"}],"version-history":[{"count":1,"href":"https:\/\/www.actualidadadiario.com\/index.php\/wp-json\/wp\/v2\/posts\/2599\/revisions"}],"predecessor-version":[{"id":2601,"href":"https:\/\/www.actualidadadiario.com\/index.php\/wp-json\/wp\/v2\/posts\/2599\/revisions\/2601"}],"wp:featuredmedia":[{"embeddable":true,"href":"https:\/\/www.actualidadadiario.com\/index.php\/wp-json\/wp\/v2\/media\/2600"}],"wp:attachment":[{"href":"https:\/\/www.actualidadadiario.com\/index.php\/wp-json\/wp\/v2\/media?parent=2599"}],"wp:term":[{"taxonomy":"category","embeddable":true,"href":"https:\/\/www.actualidadadiario.com\/index.php\/wp-json\/wp\/v2\/categories?post=2599"},{"taxonomy":"post_tag","embeddable":true,"href":"https:\/\/www.actualidadadiario.com\/index.php\/wp-json\/wp\/v2\/tags?post=2599"}],"curies":[{"name":"wp","href":"https:\/\/api.w.org\/{rel}","templated":true}]}}