{"id":2596,"date":"2016-10-13T10:49:16","date_gmt":"2016-10-13T13:49:16","guid":{"rendered":"http:\/\/actualidadadiario.com\/site\/?p=2596"},"modified":"2016-10-13T10:49:16","modified_gmt":"2016-10-13T13:49:16","slug":"la-imagen-de-cura-brochero-ya-se-muestra-en-la-basilica-de-san-pedro","status":"publish","type":"post","link":"https:\/\/www.actualidadadiario.com\/index.php\/2016\/10\/13\/la-imagen-de-cura-brochero-ya-se-muestra-en-la-basilica-de-san-pedro\/","title":{"rendered":"La imagen de Cura Brochero ya se muestra en la Bas\u00edlica de San Pedro"},"content":{"rendered":"<p><em><strong>Montado sobre su tradicional mula y mirando desde el perfil izquierdo, el tapiz fue colgado en la madrugada de este jueves para su exhibici\u00f3n antes de la canonizaci\u00f3n. La imagen fue elegida por la Di\u00f3cesis de Cruz del Eje<\/strong><\/em><\/p>\n<p>&nbsp;<\/p>\n<p>&nbsp;<\/p>\n<p>&nbsp;<\/p>\n<p>El tapiz con la imagen del cura Jos\u00e9 Gabriel Brochero, que el domingo ser\u00e1 canonizado y se convertir\u00e1 en el primer santo nacido y muerto en Argentina, ya cuelga en el frente de la Bas\u00edlica de San Pedro, mirando a las miles de personas que pasan a diario por la tradicional plaza vaticana.<\/p>\n<p>&nbsp;<\/p>\n<p>Montado sobre su tradicional mula y mirando desde el perfil izquierdo, el tapiz de Brochero (de cerca de dos metros por uno) fue colgado en la madrugada de este jueves para su exhibici\u00f3n antes de la canonizaci\u00f3n que presidir\u00e1 el papa Francisco el pr\u00f3ximo domingo desde las 10.15 de Roma (5.15 de Argentina).<\/p>\n<p>&nbsp;<\/p>\n<p>Junto a la imagen de Brochero tambi\u00e9n fueron desplegadas las de los otros seis beatos que ser\u00e1n canonizados el domingo: los italianos Lodovico Pavoni y Alfonso Maria Fusco, el obispo espa\u00f1ol Manuel Gonz\u00e1lez Garc\u00eda, los franceses Salom\u00f3n Leclercq y Elisabeth de la Sant\u00edsima Trinidad y el ni\u00f1o m\u00e1rtir mexicano Jos\u00e9 S\u00e1nchez del R\u00edo.<br \/>\nSe trata de una imagen elegida por la Di\u00f3cesis de Cruz del Eje, asegur\u00f3 a T\u00e9lam en Roma el postulador de la causa de la canonizaci\u00f3n del cura gaucho nacido en 1840 y fallecido en 1914, monse\u00f1or Santiago Olivera.<\/p>\n","protected":false},"excerpt":{"rendered":"<p>Montado sobre su tradicional mula y mirando desde el perfil izquierdo, el tapiz fue colgado en la madrugada de este jueves para su exhibici\u00f3n antes de la canonizaci\u00f3n. La imagen fue elegida por la Di\u00f3cesis de Cruz del Eje &nbsp; &nbsp; &nbsp; El tapiz con la imagen del cura Jos\u00e9 Gabriel Brochero, que el domingo ser\u00e1 canonizado y se convertir\u00e1 en el primer santo nacido y muerto en Argentina, ya cuelga en el frente de la Bas\u00edlica de San Pedro, mirando a las miles de personas que pasan a diario&#8230;<\/p>\n","protected":false},"author":3,"featured_media":2597,"comment_status":"closed","ping_status":"closed","sticky":false,"template":"","format":"standard","meta":[],"categories":[4],"tags":[],"_links":{"self":[{"href":"https:\/\/www.actualidadadiario.com\/index.php\/wp-json\/wp\/v2\/posts\/2596"}],"collection":[{"href":"https:\/\/www.actualidadadiario.com\/index.php\/wp-json\/wp\/v2\/posts"}],"about":[{"href":"https:\/\/www.actualidadadiario.com\/index.php\/wp-json\/wp\/v2\/types\/post"}],"author":[{"embeddable":true,"href":"https:\/\/www.actualidadadiario.com\/index.php\/wp-json\/wp\/v2\/users\/3"}],"replies":[{"embeddable":true,"href":"https:\/\/www.actualidadadiario.com\/index.php\/wp-json\/wp\/v2\/comments?post=2596"}],"version-history":[{"count":1,"href":"https:\/\/www.actualidadadiario.com\/index.php\/wp-json\/wp\/v2\/posts\/2596\/revisions"}],"predecessor-version":[{"id":2598,"href":"https:\/\/www.actualidadadiario.com\/index.php\/wp-json\/wp\/v2\/posts\/2596\/revisions\/2598"}],"wp:featuredmedia":[{"embeddable":true,"href":"https:\/\/www.actualidadadiario.com\/index.php\/wp-json\/wp\/v2\/media\/2597"}],"wp:attachment":[{"href":"https:\/\/www.actualidadadiario.com\/index.php\/wp-json\/wp\/v2\/media?parent=2596"}],"wp:term":[{"taxonomy":"category","embeddable":true,"href":"https:\/\/www.actualidadadiario.com\/index.php\/wp-json\/wp\/v2\/categories?post=2596"},{"taxonomy":"post_tag","embeddable":true,"href":"https:\/\/www.actualidadadiario.com\/index.php\/wp-json\/wp\/v2\/tags?post=2596"}],"curies":[{"name":"wp","href":"https:\/\/api.w.org\/{rel}","templated":true}]}}