{"id":2587,"date":"2016-10-13T10:46:51","date_gmt":"2016-10-13T13:46:51","guid":{"rendered":"http:\/\/actualidadadiario.com\/site\/?p=2587"},"modified":"2016-10-13T10:46:51","modified_gmt":"2016-10-13T13:46:51","slug":"provincia-y-nacion-coordinaron-el-acceso-a-programas-de-financiamiento-para-obras","status":"publish","type":"post","link":"https:\/\/www.actualidadadiario.com\/index.php\/2016\/10\/13\/provincia-y-nacion-coordinaron-el-acceso-a-programas-de-financiamiento-para-obras\/","title":{"rendered":"Provincia y Naci\u00f3n coordinaron el acceso a programas de financiamiento para obras"},"content":{"rendered":"<p><em><strong>A fin de avanzar y ordenar los procedimientos requeridos por los programas que desde el gobierno nacional se vienen trabajando junto a las provincias, por la situaci\u00f3n de emergencia h\u00eddrica vivida al inicio del a\u00f1o 2016, el coordinador del Programa de Emergencia del Ministerio del Interior, Juan Manuel Salvatierra, fue recibido por el secretario de Planeamiento, Infraestructura y Servicios, Marcelo Richard<\/strong><\/em><\/p>\n<p>&nbsp;<\/p>\n<p>&nbsp;<\/p>\n<p>&nbsp;<\/p>\n<p>&nbsp;<\/p>\n<p>&nbsp;<\/p>\n<p>Estuvieron presentes, adem\u00e1s, en el encuentro la subsecretaria de Administraci\u00f3n, Juliana Garc\u00eda Maciel; el director de Hidr\u00e1ulica, Cristian Gietz, adem\u00e1s de los asesores del Ministerio del Interior de la Naci\u00f3n, Ana del Carril, Agustina Andreoli y Nicol\u00e1s Diecostelli.<\/p>\n<p>\u201cTodas las tareas y los trabajos que se llevan adelante para solucionar los problemas producidos tanto por las inundaciones como por la lluvia dentro de la provincia, se enmarcan en los lineamientos que el gobernador Gustavo Bordet ha establecido para poder atender la emergencia de forma inmediata\u201d, indic\u00f3 el secretario de Planeamiento.<\/p>\n<p>En ese sentido, el funcionario provincial coment\u00f3 que \u201chemos solicitado el reconocimiento de esos gastos a trav\u00e9s de un programa con financiamiento del BID, que es la ocasi\u00f3n de esta visita del coordinador de \u00e1rea, para acordar los procedimientos\u201d.<\/p>\n<p>En relaci\u00f3n a la tem\u00e1tica abordada, el coordinador Salvatierra detall\u00f3 que \u201cse tramitaron varios programas para atender rehabilitaci\u00f3n y reconstrucci\u00f3n de infraestructura damnificada por la emergencia h\u00eddrica y en ese contexto es que venimos para coordinar el trabajo que se requiere para que sean aplicados en la provincia de Entre R\u00edos\u201d.<\/p>\n<p>\u201cEste es el primer encuentro en Paran\u00e1, hicimos una visita que en su momento nos prioriz\u00f3 la provincia de algunos municipios afectados sobre la costa r\u00edo Uruguay, donde se relevaron situaciones problem\u00e1ticas\u201d, continu\u00f3 Salvatierra, y destac\u00f3 que \u201chay un remanente que entendemos que la provincia podr\u00eda usar perfectamente en otras zonas que tambi\u00e9n tuvo mucha afectaci\u00f3n, por lo que estamos acordando cu\u00e1les ser\u00edan o que infraestructura damnificada la provincia priorizar\u00eda para poder involucrar dentro de estos programas\u201d.<\/p>\n","protected":false},"excerpt":{"rendered":"<p>A fin de avanzar y ordenar los procedimientos requeridos por los programas que desde el gobierno nacional se vienen trabajando junto a las provincias, por la situaci\u00f3n de emergencia h\u00eddrica vivida al inicio del a\u00f1o 2016, el coordinador del Programa de Emergencia del Ministerio del Interior, Juan Manuel Salvatierra, fue recibido por el secretario de Planeamiento, Infraestructura y Servicios, Marcelo Richard &nbsp; &nbsp; &nbsp; &nbsp; &nbsp; Estuvieron presentes, adem\u00e1s, en el encuentro la subsecretaria de Administraci\u00f3n, Juliana Garc\u00eda Maciel; el director de Hidr\u00e1ulica, Cristian Gietz, adem\u00e1s de los asesores del&#8230;<\/p>\n","protected":false},"author":3,"featured_media":2588,"comment_status":"closed","ping_status":"closed","sticky":false,"template":"","format":"standard","meta":[],"categories":[15],"tags":[],"_links":{"self":[{"href":"https:\/\/www.actualidadadiario.com\/index.php\/wp-json\/wp\/v2\/posts\/2587"}],"collection":[{"href":"https:\/\/www.actualidadadiario.com\/index.php\/wp-json\/wp\/v2\/posts"}],"about":[{"href":"https:\/\/www.actualidadadiario.com\/index.php\/wp-json\/wp\/v2\/types\/post"}],"author":[{"embeddable":true,"href":"https:\/\/www.actualidadadiario.com\/index.php\/wp-json\/wp\/v2\/users\/3"}],"replies":[{"embeddable":true,"href":"https:\/\/www.actualidadadiario.com\/index.php\/wp-json\/wp\/v2\/comments?post=2587"}],"version-history":[{"count":1,"href":"https:\/\/www.actualidadadiario.com\/index.php\/wp-json\/wp\/v2\/posts\/2587\/revisions"}],"predecessor-version":[{"id":2589,"href":"https:\/\/www.actualidadadiario.com\/index.php\/wp-json\/wp\/v2\/posts\/2587\/revisions\/2589"}],"wp:featuredmedia":[{"embeddable":true,"href":"https:\/\/www.actualidadadiario.com\/index.php\/wp-json\/wp\/v2\/media\/2588"}],"wp:attachment":[{"href":"https:\/\/www.actualidadadiario.com\/index.php\/wp-json\/wp\/v2\/media?parent=2587"}],"wp:term":[{"taxonomy":"category","embeddable":true,"href":"https:\/\/www.actualidadadiario.com\/index.php\/wp-json\/wp\/v2\/categories?post=2587"},{"taxonomy":"post_tag","embeddable":true,"href":"https:\/\/www.actualidadadiario.com\/index.php\/wp-json\/wp\/v2\/tags?post=2587"}],"curies":[{"name":"wp","href":"https:\/\/api.w.org\/{rel}","templated":true}]}}