{"id":2584,"date":"2016-10-13T10:46:03","date_gmt":"2016-10-13T13:46:03","guid":{"rendered":"http:\/\/actualidadadiario.com\/site\/?p=2584"},"modified":"2016-10-13T10:46:03","modified_gmt":"2016-10-13T13:46:03","slug":"vialidad-de-entre-rios-apoya-la-reforma-de-la-ley-de-combustible","status":"publish","type":"post","link":"https:\/\/www.actualidadadiario.com\/index.php\/2016\/10\/13\/vialidad-de-entre-rios-apoya-la-reforma-de-la-ley-de-combustible\/","title":{"rendered":"Vialidad de Entre R\u00edos apoya la reforma de la Ley de Combustible"},"content":{"rendered":"<p><em><strong>El gobierno provincial impulsa el proyecto de reforma de la Ley de Impuesto a los Combustible a nivel nacional. Esta medida permitir\u00e1 obtener nuevos recursos para financiar obras viales en el territorio. Se busca que diferentes provincias adhieran al proyecto<\/strong><\/em><\/p>\n<p>&nbsp;<\/p>\n<p>&nbsp;<\/p>\n<p>&nbsp;<\/p>\n<p>&nbsp;<\/p>\n<p>&nbsp;<\/p>\n<p>En el marco de la asamblea del Consejo Vial Federal (CVF), la titular de la Direcci\u00f3n Provincial de Vialidad (DPV) de Entre R\u00edos, Alicia Ben\u00edtez, inform\u00f3 que el gobernador Gustavo Bordet, habl\u00f3 con los legisladores nacionales para que apoyen el proyecto de reforma de la Ley de Impuesto a los Combustible 23.966. \u201cEl gobernador est\u00e1 de acuerdo con la iniciativa y design\u00f3 la senadora nacional, Sigrid Kunath, para que trabaje con sus pares de bancada en la nueva norma\u201d, dijo la titular del \u00f3rgano vial para enseguida agregar que se busca volver a la antigua ley de Vialidad que permita llevar adelantes obras.<\/p>\n<p>Ben\u00edtez, indic\u00f3 que \u201choy los convenios de las provincias con la Naci\u00f3n se han ca\u00eddo por lo que dejamos de recibir fondos. Hoy tenemos una Vialidad con muy pocos recursos\u201d.<\/p>\n<p>En ese marco, agreg\u00f3 que va a reunirse en los pr\u00f3ximos d\u00edas con legisladores provinciales a fin de interiorizarlos de la aprobaci\u00f3n de una ley provincial que acompa\u00f1e el proyecto de reforma de la Ley de Impuesto a los Combustibles que se encuentra en el congreso para su tratamiento. \u201cLo que se propone que las provincias adhieran al proyecto\u201d.<\/p>\n<p>El encuentro desarrollado en la sede de la C\u00e1mara Argentina de la Construcci\u00f3n de la Ciudad Aut\u00f3noma de Buenos Aires y de la que participaron 19 representantes de vialidades de todo el pa\u00eds se abordaron diferentes temas como la realizaci\u00f3n del XVII Congreso Argentino de Vialidad y Tr\u00e1nsito, la situaci\u00f3n de la provincia de San Luis ante el CVF y la marcha de la organizaci\u00f3n de la LVI Asamblea Anual Ordinaria, entre otros temas.<\/p>\n<p>Por otra parte, y dentro de las actividades llevadas adelante en Buenos Aires, la titular de Vialidad, particip\u00f3 este martes de un encuentro con integrantes de la C\u00e1mara Argentina de la Construcci\u00f3n en la que se confirm\u00f3 la realizaci\u00f3n del puente Paran\u00e1 \u2013 Santa Fe que se iniciar\u00eda en el 2018.<\/p>\n","protected":false},"excerpt":{"rendered":"<p>El gobierno provincial impulsa el proyecto de reforma de la Ley de Impuesto a los Combustible a nivel nacional. Esta medida permitir\u00e1 obtener nuevos recursos para financiar obras viales en el territorio. Se busca que diferentes provincias adhieran al proyecto &nbsp; &nbsp; &nbsp; &nbsp; &nbsp; En el marco de la asamblea del Consejo Vial Federal (CVF), la titular de la Direcci\u00f3n Provincial de Vialidad (DPV) de Entre R\u00edos, Alicia Ben\u00edtez, inform\u00f3 que el gobernador Gustavo Bordet, habl\u00f3 con los legisladores nacionales para que apoyen el proyecto de reforma de la&#8230;<\/p>\n","protected":false},"author":3,"featured_media":2585,"comment_status":"closed","ping_status":"closed","sticky":false,"template":"","format":"standard","meta":[],"categories":[15],"tags":[],"_links":{"self":[{"href":"https:\/\/www.actualidadadiario.com\/index.php\/wp-json\/wp\/v2\/posts\/2584"}],"collection":[{"href":"https:\/\/www.actualidadadiario.com\/index.php\/wp-json\/wp\/v2\/posts"}],"about":[{"href":"https:\/\/www.actualidadadiario.com\/index.php\/wp-json\/wp\/v2\/types\/post"}],"author":[{"embeddable":true,"href":"https:\/\/www.actualidadadiario.com\/index.php\/wp-json\/wp\/v2\/users\/3"}],"replies":[{"embeddable":true,"href":"https:\/\/www.actualidadadiario.com\/index.php\/wp-json\/wp\/v2\/comments?post=2584"}],"version-history":[{"count":1,"href":"https:\/\/www.actualidadadiario.com\/index.php\/wp-json\/wp\/v2\/posts\/2584\/revisions"}],"predecessor-version":[{"id":2586,"href":"https:\/\/www.actualidadadiario.com\/index.php\/wp-json\/wp\/v2\/posts\/2584\/revisions\/2586"}],"wp:featuredmedia":[{"embeddable":true,"href":"https:\/\/www.actualidadadiario.com\/index.php\/wp-json\/wp\/v2\/media\/2585"}],"wp:attachment":[{"href":"https:\/\/www.actualidadadiario.com\/index.php\/wp-json\/wp\/v2\/media?parent=2584"}],"wp:term":[{"taxonomy":"category","embeddable":true,"href":"https:\/\/www.actualidadadiario.com\/index.php\/wp-json\/wp\/v2\/categories?post=2584"},{"taxonomy":"post_tag","embeddable":true,"href":"https:\/\/www.actualidadadiario.com\/index.php\/wp-json\/wp\/v2\/tags?post=2584"}],"curies":[{"name":"wp","href":"https:\/\/api.w.org\/{rel}","templated":true}]}}