{"id":2581,"date":"2016-10-13T10:45:15","date_gmt":"2016-10-13T13:45:15","guid":{"rendered":"http:\/\/actualidadadiario.com\/site\/?p=2581"},"modified":"2016-10-13T10:45:15","modified_gmt":"2016-10-13T13:45:15","slug":"bordet-impulsa-junto-a-otros-gobernadores-transferencia-directa-de-recursos-para-las-provincias","status":"publish","type":"post","link":"https:\/\/www.actualidadadiario.com\/index.php\/2016\/10\/13\/bordet-impulsa-junto-a-otros-gobernadores-transferencia-directa-de-recursos-para-las-provincias\/","title":{"rendered":"Bordet impulsa junto a otros gobernadores transferencia directa de recursos para las provincias"},"content":{"rendered":"<p><em><strong>El gobernador Gustavo Bordet mantuvo un encuentro de trabajo junto a otros gobernadores justicialistas para analizar el proyecto de Presupuesto Nacional 2017, y &#8220;plantear algunas de las necesidades que entendemos prioritarias para las provincias&#8221;, afirm\u00f3 luego de la reuni\u00f3n que se desarroll\u00f3 en el Consejo Federal de Inversiones (CFI), en la CABA. Los mandatarios tambi\u00e9n dialogaron con legisladores nacionales justicialistas<\/strong><\/em><\/p>\n<p>&nbsp;<\/p>\n<p>&nbsp;<\/p>\n<p>&nbsp;<\/p>\n<p>&nbsp;<\/p>\n<p>&#8220;Fue una reuni\u00f3n muy fruct\u00edfera porque pudimos intercambiar opiniones, ponernos de acuerdo en un entendimiento que va a resultar necesario para poder contar con un presupuesto equilibrado para el 2017&#8221;, indic\u00f3 Bordet.<\/p>\n<p>&#8220;Es nuestra intenci\u00f3n que el gobierno nacional pueda tener un presupuesto que es ni m\u00e1s ni menos que su plan de gobierno para el 2017, pero es necesario que dentro de ese presupuesto se contemplen las realidades de las provincias&#8221;, agreg\u00f3.<\/p>\n<p>Durante el encuentro se analizaron &#8220;las transferencias directas de recursos&#8221; que &#8220;nosotros venimos solicitando para que se evite la discrecionalidad -por ejemplo en los ATN-, el diferimiento del pago de deuda con el Estado Nacional, que es otro de los objetivos&#8221;. Adem\u00e1s, &#8220;planteamos la necesidad de que el convenio para compensar el d\u00e9ficit de la Caja de Jubilaciones (recordemos que la nuestra no fue transferida a la Naci\u00f3n) se realice el d\u00e9ficit de manera autom\u00e1tica&#8221;.<\/p>\n<p>&#8220;No estamos pidiendo que haya m\u00e1s grav\u00e1menes o m\u00e1s giros de fondos a las provincias sin redistribuci\u00f3n de recursos, sino asignaciones que nos permitir\u00edan contar con certezas para poder desarrollar nuestras actividades en la provincia&#8221;, resalt\u00f3 Bordet y explic\u00f3 que estuvieron presentes legisladores &#8220;para escuchar cu\u00e1l es la postura que tenemos los gobernadores&#8221;.<\/p>\n<p>Por \u00faltimo, afirm\u00f3 que &#8220;resultan importantes estos \u00e1mbitos donde poder realizar los planteos y trabajar sobre todo con mucha responsabilidad, con mucha madurez para encontrar una salida en com\u00fan. No es nuestra intenci\u00f3n poner palos en la rueda, pero si garantizar recursos que tienen leg\u00edtimamente que venir a las provincias&#8221;, valor\u00f3 el mandatario.<\/p>\n<p>Tambi\u00e9n los gobernadores de La Pampa, Carlos Verna; de Tierra del Fuego, Rosana Bertone; de Chaco, Domingo Peppo; de Tucum\u00e1n, Juan Manzur; de San Juan, Sergio U\u00f1ac; y de Formosa, Gildo Insfran, fueron de la partida en la reuni\u00f3n que se realiz\u00f3 en el Consejo Federal de Inversiones, en el microcentro porte\u00f1o.<\/p>\n<p>Adem\u00e1s, estuvieron presentes el presidente del bloque de Senadores del Frente Para la Victoria, Miguel Pichetto; el senador y ex gobernador de Santiago del Estero, Gerardo Zamora; el presidente de la comisi\u00f3n de Presupuesto y Hacienda del Senado, Juan Manuel Abal Medina y el diputado nacional, Diego Bossio, entre otros.<\/p>\n","protected":false},"excerpt":{"rendered":"<p>El gobernador Gustavo Bordet mantuvo un encuentro de trabajo junto a otros gobernadores justicialistas para analizar el proyecto de Presupuesto Nacional 2017, y &#8220;plantear algunas de las necesidades que entendemos prioritarias para las provincias&#8221;, afirm\u00f3 luego de la reuni\u00f3n que se desarroll\u00f3 en el Consejo Federal de Inversiones (CFI), en la CABA. Los mandatarios tambi\u00e9n dialogaron con legisladores nacionales justicialistas &nbsp; &nbsp; &nbsp; &nbsp; &#8220;Fue una reuni\u00f3n muy fruct\u00edfera porque pudimos intercambiar opiniones, ponernos de acuerdo en un entendimiento que va a resultar necesario para poder contar con un presupuesto&#8230;<\/p>\n","protected":false},"author":3,"featured_media":2582,"comment_status":"closed","ping_status":"closed","sticky":false,"template":"","format":"standard","meta":[],"categories":[9],"tags":[],"_links":{"self":[{"href":"https:\/\/www.actualidadadiario.com\/index.php\/wp-json\/wp\/v2\/posts\/2581"}],"collection":[{"href":"https:\/\/www.actualidadadiario.com\/index.php\/wp-json\/wp\/v2\/posts"}],"about":[{"href":"https:\/\/www.actualidadadiario.com\/index.php\/wp-json\/wp\/v2\/types\/post"}],"author":[{"embeddable":true,"href":"https:\/\/www.actualidadadiario.com\/index.php\/wp-json\/wp\/v2\/users\/3"}],"replies":[{"embeddable":true,"href":"https:\/\/www.actualidadadiario.com\/index.php\/wp-json\/wp\/v2\/comments?post=2581"}],"version-history":[{"count":1,"href":"https:\/\/www.actualidadadiario.com\/index.php\/wp-json\/wp\/v2\/posts\/2581\/revisions"}],"predecessor-version":[{"id":2583,"href":"https:\/\/www.actualidadadiario.com\/index.php\/wp-json\/wp\/v2\/posts\/2581\/revisions\/2583"}],"wp:featuredmedia":[{"embeddable":true,"href":"https:\/\/www.actualidadadiario.com\/index.php\/wp-json\/wp\/v2\/media\/2582"}],"wp:attachment":[{"href":"https:\/\/www.actualidadadiario.com\/index.php\/wp-json\/wp\/v2\/media?parent=2581"}],"wp:term":[{"taxonomy":"category","embeddable":true,"href":"https:\/\/www.actualidadadiario.com\/index.php\/wp-json\/wp\/v2\/categories?post=2581"},{"taxonomy":"post_tag","embeddable":true,"href":"https:\/\/www.actualidadadiario.com\/index.php\/wp-json\/wp\/v2\/tags?post=2581"}],"curies":[{"name":"wp","href":"https:\/\/api.w.org\/{rel}","templated":true}]}}