{"id":258,"date":"2016-08-24T08:40:45","date_gmt":"2016-08-24T11:40:45","guid":{"rendered":"http:\/\/actualidadadiario.com\/site\/?p=258"},"modified":"2016-08-24T08:40:45","modified_gmt":"2016-08-24T11:40:45","slug":"jose-carlos-halle-asumio-al-frente-del-epre","status":"publish","type":"post","link":"https:\/\/www.actualidadadiario.com\/index.php\/2016\/08\/24\/jose-carlos-halle-asumio-al-frente-del-epre\/","title":{"rendered":"Jos\u00e9 Carlos Halle asumi\u00f3 al frente del EPRE"},"content":{"rendered":"<p><em><strong>El gobernador Gustavo Bordet puso en funciones a Jos\u00e9 Carlos Halle al frente del Ente Provincial Regulador de la Energ\u00eda (EPRE). El mandatario le entreg\u00f3 al flamante funcionario el decreto de designaci\u00f3n este martes en Casa de Gobierno<\/strong><\/em><\/p>\n<p>&nbsp;<\/p>\n<p>&nbsp;<\/p>\n<p>&nbsp;<\/p>\n<p>\u201cEs una distinci\u00f3n, un honor que el gobernador se haya fijado en mi persona para la intervenci\u00f3n del organismo\u201d, expres\u00f3 Halle.<\/p>\n<p>En la reuni\u00f3n, donde Bordet le entreg\u00f3 el decreto de designaci\u00f3n, tambi\u00e9n estuvieron presentes el secretario General y de Relaciones Institucionales de la Gobernaci\u00f3n, Edgardo Kueider; y el presidente de Enersa. Alfredo Muzachiodi.<\/p>\n<p>\u201cEn la oportunidad estuvimos dialogando con las autoridades de Enersa, sobre lo que ser\u00e1 la audiencia p\u00fablica que se realizar\u00e1 a fin de mes en Villaguay\u201d, agreg\u00f3 el nuevo interventor del EPRE.<\/p>\n<p>Respecto a las expectativas de la audiencia expres\u00f3: \u201cEsperamos que la participaci\u00f3n sea masiva, respetuosa y dentro de los marcos de lo que significa una discusi\u00f3n de tipo t\u00e9cnica. En funci\u00f3n de los planteos de la gente, los argumentos de Enersa y de las 18 cooperativas el\u00e9ctricas, tomaremos una decisi\u00f3n vinculada a las cuestiones t\u00e9cnicas\u201d.<\/p>\n<p>Al frente del EPRE, Halle dijo que su labor estar\u00e1 abocada a respetar la normativa vigente, \u201cgarantizar la defensa del usuario, un equilibrio y la provisi\u00f3n de la energ\u00eda a todos los sectores como servicio p\u00fablico. En ese marco tiene que haber una tarifa justa y adecuada, tal como lo establece la norma legal\u201d.<\/p>\n<p>Dijo que se escuchar\u00e1 a \u201cla gente y a quien proveen el servicio, sus fundamentaos que luego ser\u00e1n estudiados por el organismo y los agentes t\u00e9cnicos del Ente y en funci\u00f3n de eso se dar\u00e1 una respuesta\u201d.<\/p>\n<p>Jos\u00e9 Carlos Halle destac\u00f3 que Entre R\u00edos no tiene los problemas que s\u00ed padecen otras provincias como son los cortes reiterados de energ\u00edas en \u00e9pocas de altos niveles de consumo.<\/p>\n<p>Sostuvo que si bien el EPRE \u201ces un organismo t\u00e9cnico tambi\u00e9n requiere dos o tres cuestiones vinculados a normar y leyes, no es una cuesti\u00f3n espec\u00edfica de ingenieros solamente. Tambi\u00e9n requiere de criterio pol\u00edtico que son los valores de equidad, justicia, no discriminaci\u00f3n, desarrollo igualitario e inversi\u00f3n. En esa direcci\u00f3n no encaminaremos\u201d.<\/p>\n<p>Finalmente, fue consultado sobre los aumentos de tarifas que dispuso el gobierno nacional e indic\u00f3: \u201cNo conozco a nadie que quiera pagar m\u00e1s, el problema es ver en qu\u00e9 marco se da el incremento, qu\u00e9 es lo justo, equilibrado y racional y que no implique un impacto duro para la gente\u201d.<\/p>\n","protected":false},"excerpt":{"rendered":"<p>El gobernador Gustavo Bordet puso en funciones a Jos\u00e9 Carlos Halle al frente del Ente Provincial Regulador de la Energ\u00eda (EPRE). El mandatario le entreg\u00f3 al flamante funcionario el decreto de designaci\u00f3n este martes en Casa de Gobierno &nbsp; &nbsp; &nbsp; \u201cEs una distinci\u00f3n, un honor que el gobernador se haya fijado en mi persona para la intervenci\u00f3n del organismo\u201d, expres\u00f3 Halle. En la reuni\u00f3n, donde Bordet le entreg\u00f3 el decreto de designaci\u00f3n, tambi\u00e9n estuvieron presentes el secretario General y de Relaciones Institucionales de la Gobernaci\u00f3n, Edgardo Kueider; y el&#8230;<\/p>\n","protected":false},"author":3,"featured_media":259,"comment_status":"closed","ping_status":"open","sticky":false,"template":"","format":"standard","meta":[],"categories":[15],"tags":[],"_links":{"self":[{"href":"https:\/\/www.actualidadadiario.com\/index.php\/wp-json\/wp\/v2\/posts\/258"}],"collection":[{"href":"https:\/\/www.actualidadadiario.com\/index.php\/wp-json\/wp\/v2\/posts"}],"about":[{"href":"https:\/\/www.actualidadadiario.com\/index.php\/wp-json\/wp\/v2\/types\/post"}],"author":[{"embeddable":true,"href":"https:\/\/www.actualidadadiario.com\/index.php\/wp-json\/wp\/v2\/users\/3"}],"replies":[{"embeddable":true,"href":"https:\/\/www.actualidadadiario.com\/index.php\/wp-json\/wp\/v2\/comments?post=258"}],"version-history":[{"count":1,"href":"https:\/\/www.actualidadadiario.com\/index.php\/wp-json\/wp\/v2\/posts\/258\/revisions"}],"predecessor-version":[{"id":260,"href":"https:\/\/www.actualidadadiario.com\/index.php\/wp-json\/wp\/v2\/posts\/258\/revisions\/260"}],"wp:featuredmedia":[{"embeddable":true,"href":"https:\/\/www.actualidadadiario.com\/index.php\/wp-json\/wp\/v2\/media\/259"}],"wp:attachment":[{"href":"https:\/\/www.actualidadadiario.com\/index.php\/wp-json\/wp\/v2\/media?parent=258"}],"wp:term":[{"taxonomy":"category","embeddable":true,"href":"https:\/\/www.actualidadadiario.com\/index.php\/wp-json\/wp\/v2\/categories?post=258"},{"taxonomy":"post_tag","embeddable":true,"href":"https:\/\/www.actualidadadiario.com\/index.php\/wp-json\/wp\/v2\/tags?post=258"}],"curies":[{"name":"wp","href":"https:\/\/api.w.org\/{rel}","templated":true}]}}