{"id":2578,"date":"2016-10-13T10:44:34","date_gmt":"2016-10-13T13:44:34","guid":{"rendered":"http:\/\/actualidadadiario.com\/site\/?p=2578"},"modified":"2016-10-13T10:44:34","modified_gmt":"2016-10-13T13:44:34","slug":"carbap-cuestiono-el-recorte-de-recursos-previsto-para-el-inta","status":"publish","type":"post","link":"https:\/\/www.actualidadadiario.com\/index.php\/2016\/10\/13\/carbap-cuestiono-el-recorte-de-recursos-previsto-para-el-inta\/","title":{"rendered":"Carbap cuestion\u00f3 el recorte de recursos previsto para el INTA"},"content":{"rendered":"<p><em><strong>La entidad ruralista se solidariz\u00f3 con los trabajadores del organismo y alertaron sobre el \u201cimpacto negativo\u201d que tendr\u00eda la medida en la innovaci\u00f3n tecnol\u00f3gica del sector<\/strong><\/em><\/p>\n<p>&nbsp;<\/p>\n<p>&nbsp;<\/p>\n<p>&nbsp;<\/p>\n<p>&nbsp;<\/p>\n<p>Luego de la jornada de protesta desarrollada por personal del Instituto Nacional de Tecnolog\u00eda Agropecuaria (INTA) en reclamo por el recorte de $1140 millones dispuesto por la administraci\u00f3n macrista en el presupuesto 2017 de la entidad, la Confederaci\u00f3n de Asociaciones Rurales de Buenos Aires y La Pampa (Carbap) se solidariz\u00f3 con los trabajadores entendiendo que dicho \u201crecorte de recursos har\u00eda retroceder el trabajo que viene desarrollando el Instituto a trav\u00e9s de todas sus Estaciones y Agencias para promover un mayor desarrollo productivo\u201d.<\/p>\n<p>&nbsp;<\/p>\n<p>En la misma l\u00ednea, la entidad ruralista advirti\u00f3 este mi\u00e9rcoles que el ajuste en cuesti\u00f3n \u201ctendr\u00eda impacto negativo en las acciones que viene generando el INTA en innovaci\u00f3n tecnol\u00f3gica de insumos y procesos para el sector agroindustrial, agroalimentario y forestoindustrial\u201d.<\/p>\n<p>&nbsp;<\/p>\n<p>De esta forma, remarcaron que, si el prop\u00f3sito del Gobierno es convertir al pa\u00eds en el &#8220;supermercado del mundo&#8221; (tal como lo suele remarcar el presidente Mauricio Macri) es necesario \u201ccontar con un INTA que exprese todo su potencial, entreg\u00e1ndole para ello los recursos necesarios para el funcionamiento pleno de la instituci\u00f3n\u201d.<\/p>\n<p>&nbsp;<\/p>\n<p>Por tal motivo, bregaron para que el organismo abocado a la tecnolog\u00eda agropecuaria \u201cpueda continuar con su labor de investigaci\u00f3n y extensi\u00f3n de alta calidad\u201d.<\/p>\n","protected":false},"excerpt":{"rendered":"<p>La entidad ruralista se solidariz\u00f3 con los trabajadores del organismo y alertaron sobre el \u201cimpacto negativo\u201d que tendr\u00eda la medida en la innovaci\u00f3n tecnol\u00f3gica del sector &nbsp; &nbsp; &nbsp; &nbsp; Luego de la jornada de protesta desarrollada por personal del Instituto Nacional de Tecnolog\u00eda Agropecuaria (INTA) en reclamo por el recorte de $1140 millones dispuesto por la administraci\u00f3n macrista en el presupuesto 2017 de la entidad, la Confederaci\u00f3n de Asociaciones Rurales de Buenos Aires y La Pampa (Carbap) se solidariz\u00f3 con los trabajadores entendiendo que dicho \u201crecorte de recursos har\u00eda&#8230;<\/p>\n","protected":false},"author":3,"featured_media":2579,"comment_status":"closed","ping_status":"closed","sticky":false,"template":"","format":"standard","meta":[],"categories":[18],"tags":[],"_links":{"self":[{"href":"https:\/\/www.actualidadadiario.com\/index.php\/wp-json\/wp\/v2\/posts\/2578"}],"collection":[{"href":"https:\/\/www.actualidadadiario.com\/index.php\/wp-json\/wp\/v2\/posts"}],"about":[{"href":"https:\/\/www.actualidadadiario.com\/index.php\/wp-json\/wp\/v2\/types\/post"}],"author":[{"embeddable":true,"href":"https:\/\/www.actualidadadiario.com\/index.php\/wp-json\/wp\/v2\/users\/3"}],"replies":[{"embeddable":true,"href":"https:\/\/www.actualidadadiario.com\/index.php\/wp-json\/wp\/v2\/comments?post=2578"}],"version-history":[{"count":1,"href":"https:\/\/www.actualidadadiario.com\/index.php\/wp-json\/wp\/v2\/posts\/2578\/revisions"}],"predecessor-version":[{"id":2580,"href":"https:\/\/www.actualidadadiario.com\/index.php\/wp-json\/wp\/v2\/posts\/2578\/revisions\/2580"}],"wp:featuredmedia":[{"embeddable":true,"href":"https:\/\/www.actualidadadiario.com\/index.php\/wp-json\/wp\/v2\/media\/2579"}],"wp:attachment":[{"href":"https:\/\/www.actualidadadiario.com\/index.php\/wp-json\/wp\/v2\/media?parent=2578"}],"wp:term":[{"taxonomy":"category","embeddable":true,"href":"https:\/\/www.actualidadadiario.com\/index.php\/wp-json\/wp\/v2\/categories?post=2578"},{"taxonomy":"post_tag","embeddable":true,"href":"https:\/\/www.actualidadadiario.com\/index.php\/wp-json\/wp\/v2\/tags?post=2578"}],"curies":[{"name":"wp","href":"https:\/\/api.w.org\/{rel}","templated":true}]}}