{"id":2575,"date":"2016-10-13T10:43:14","date_gmt":"2016-10-13T13:43:14","guid":{"rendered":"http:\/\/actualidadadiario.com\/site\/?p=2575"},"modified":"2016-10-13T10:43:14","modified_gmt":"2016-10-13T13:43:14","slug":"antes-los-precios-de-remedios-los-controlaban-desde-diciembre-los-laboratorios-los-aumentan","status":"publish","type":"post","link":"https:\/\/www.actualidadadiario.com\/index.php\/2016\/10\/13\/antes-los-precios-de-remedios-los-controlaban-desde-diciembre-los-laboratorios-los-aumentan\/","title":{"rendered":"&#8220;Antes los precios de remedios los controlaban, desde diciembre los laboratorios los aumentan&#8221;"},"content":{"rendered":"<p><em><strong>Tras la relajaci\u00f3n de los controles de precios de los medicamentos por parte de la Secretar\u00eda de Comercio a partir de diciembre de 2015, la suba de aquellos con mayor demanda represent\u00f3 un incremento por encima de la inflaci\u00f3n de los primeros nueve meses de 2016. En ese marco, el titular del Colegio de Farmac\u00e9uticos de la Capital Federal, Rub\u00e9n Sajem, sostuvo que &#8220;la dispersi\u00f3n de precios no est\u00e1 justificada&#8221; y agreg\u00f3 que la misma &#8220;puso en jaque al PAMI&#8221;<\/strong><\/em><\/p>\n<p>&nbsp;<\/p>\n<p>&nbsp;<\/p>\n<p>&nbsp;<\/p>\n<p>&nbsp;<\/p>\n<p>&nbsp;<\/p>\n<p>&nbsp;<\/p>\n<p>&nbsp;<\/p>\n<p>&#8220;Los precios vienen definidos por los laboratorios. Antes la Secretar\u00eda de Comercio los controlaba pero a partir de diciembre cada laboratorio decide los aumentos de sus productos&#8221;, sostuvo Sajem en declaraciones al programa &#8220;Levantado de 10&#8221; que se emite por Radio 10.<\/p>\n<p>&nbsp;<\/p>\n<p>Asimismo, dijo que &#8220;la suba de los precios puso en jaque al PAMI&#8221;, por lo que el organismo no le paga a las farmacias. &#8220;PAMI est\u00e1 desbordado&#8221;, se\u00f1al\u00f3.<\/p>\n<p>&nbsp;<\/p>\n<p>En tanto, manifest\u00f3 que el ibuprofeno y el jarabe para ni\u00f1os son medicamentos que &#8220;aumentaron mucho&#8221; al tiempo que indic\u00f3 que &#8220;no hay justificaci\u00f3n&#8221; para el alza de precios.<\/p>\n","protected":false},"excerpt":{"rendered":"<p>Tras la relajaci\u00f3n de los controles de precios de los medicamentos por parte de la Secretar\u00eda de Comercio a partir de diciembre de 2015, la suba de aquellos con mayor demanda represent\u00f3 un incremento por encima de la inflaci\u00f3n de los primeros nueve meses de 2016. En ese marco, el titular del Colegio de Farmac\u00e9uticos de la Capital Federal, Rub\u00e9n Sajem, sostuvo que &#8220;la dispersi\u00f3n de precios no est\u00e1 justificada&#8221; y agreg\u00f3 que la misma &#8220;puso en jaque al PAMI&#8221; &nbsp; &nbsp; &nbsp; &nbsp; &nbsp; &nbsp; &nbsp; &#8220;Los precios vienen&#8230;<\/p>\n","protected":false},"author":3,"featured_media":2576,"comment_status":"closed","ping_status":"closed","sticky":false,"template":"","format":"standard","meta":[],"categories":[18],"tags":[],"_links":{"self":[{"href":"https:\/\/www.actualidadadiario.com\/index.php\/wp-json\/wp\/v2\/posts\/2575"}],"collection":[{"href":"https:\/\/www.actualidadadiario.com\/index.php\/wp-json\/wp\/v2\/posts"}],"about":[{"href":"https:\/\/www.actualidadadiario.com\/index.php\/wp-json\/wp\/v2\/types\/post"}],"author":[{"embeddable":true,"href":"https:\/\/www.actualidadadiario.com\/index.php\/wp-json\/wp\/v2\/users\/3"}],"replies":[{"embeddable":true,"href":"https:\/\/www.actualidadadiario.com\/index.php\/wp-json\/wp\/v2\/comments?post=2575"}],"version-history":[{"count":1,"href":"https:\/\/www.actualidadadiario.com\/index.php\/wp-json\/wp\/v2\/posts\/2575\/revisions"}],"predecessor-version":[{"id":2577,"href":"https:\/\/www.actualidadadiario.com\/index.php\/wp-json\/wp\/v2\/posts\/2575\/revisions\/2577"}],"wp:featuredmedia":[{"embeddable":true,"href":"https:\/\/www.actualidadadiario.com\/index.php\/wp-json\/wp\/v2\/media\/2576"}],"wp:attachment":[{"href":"https:\/\/www.actualidadadiario.com\/index.php\/wp-json\/wp\/v2\/media?parent=2575"}],"wp:term":[{"taxonomy":"category","embeddable":true,"href":"https:\/\/www.actualidadadiario.com\/index.php\/wp-json\/wp\/v2\/categories?post=2575"},{"taxonomy":"post_tag","embeddable":true,"href":"https:\/\/www.actualidadadiario.com\/index.php\/wp-json\/wp\/v2\/tags?post=2575"}],"curies":[{"name":"wp","href":"https:\/\/api.w.org\/{rel}","templated":true}]}}