{"id":2566,"date":"2016-10-13T10:41:00","date_gmt":"2016-10-13T13:41:00","guid":{"rendered":"http:\/\/actualidadadiario.com\/site\/?p=2566"},"modified":"2016-10-13T10:41:00","modified_gmt":"2016-10-13T13:41:00","slug":"el-premio-nobel-de-literatura-2016-fue-para-bob-dylan","status":"publish","type":"post","link":"https:\/\/www.actualidadadiario.com\/index.php\/2016\/10\/13\/el-premio-nobel-de-literatura-2016-fue-para-bob-dylan\/","title":{"rendered":"El Premio Nobel de Literatura 2016 fue para Bob Dylan"},"content":{"rendered":"<p class=\"preview\" style=\"background: white;\"><em><strong><span style=\"font-size: 15.0pt; font-family: 'Arial','sans-serif'; color: black;\">El galard\u00f3n es para el m\u00fasico y cantante &#8220;por haber creado nuevas expresiones po\u00e9ticas&#8221;, anunci\u00f3 la Real Academia de Ciencias de Suecia<\/span><\/strong><\/em><\/p>\n<p class=\"preview\" style=\"background: white;\"><span style=\"font-size: 15.0pt; font-family: 'Arial','sans-serif'; color: black;\">\u00a0<\/span><\/p>\n<p class=\"preview\" style=\"background: white;\"><span style=\"font-size: 15.0pt; font-family: 'Arial','sans-serif'; color: black;\">\u00a0<\/span><\/p>\n<p class=\"preview\" style=\"background: white;\"><span style=\"font-size: 15.0pt; font-family: 'Arial','sans-serif'; color: black;\">\u00a0<\/span><\/p>\n<p class=\"preview\" style=\"background: white;\"><span style=\"font-size: 15.0pt; font-family: 'Arial','sans-serif'; color: black;\">\u00a0<\/span><\/p>\n<p class=\"preview\" style=\"background: white;\"><span style=\"font-size: 15.0pt; font-family: 'Arial','sans-serif'; color: black;\">El Premio Nobel de Literatura 2016 es para Bob Dylan &#8220;por haber creado nuevas expresiones po\u00e9ticas dentro de la gran tradici\u00f3n de la canci\u00f3n americana&#8221;, anunci\u00f3 la Real Academia de Ciencias de Suecia.<\/span><\/p>\n<p class=\"preview\" style=\"background: white;\"><span style=\"font-size: 15.0pt; font-family: 'Arial','sans-serif'; color: black;\">\u00a0<\/span><\/p>\n<p class=\"preview\" style=\"background: white;\"><span style=\"font-size: 15.0pt; font-family: 'Arial','sans-serif'; color: black;\">\u00a0<\/span><\/p>\n<p class=\"preview\" style=\"background: white;\"><span style=\"font-size: 15.0pt; font-family: 'Arial','sans-serif'; color: black;\">La distinci\u00f3n la dio a conocer este jueves Sara Danius, secretaria de la Academia Sueca. El m\u00fasico, cantante y poeta estadounidense naci\u00f3 el 24 de mayo de 1941 y edit\u00f3 su primer \u00e1lbum en 1962.<\/span><\/p>\n<p class=\"preview\" style=\"background: white;\"><span style=\"font-size: 15.0pt; font-family: 'Arial','sans-serif'; color: black;\">\u00a0<\/span><\/p>\n<p class=\"preview\" style=\"background: white;\"><span style=\"font-size: 15.0pt; font-family: 'Arial','sans-serif'; color: black;\">Entre los autores que m\u00e1s hab\u00edan sonado para este a\u00f1o estaban el escritor japon\u00e9s Haruki Murakami, el poeta y el escritor estadounidense Philip Roth. La ganadora del a\u00f1o pasado hab\u00eda sido la escritora bielorrusa Svetlana Alexi\u00e9vich.<\/span><\/p>\n<p class=\"preview\" style=\"background: white;\"><span style=\"font-size: 15.0pt; font-family: 'Arial','sans-serif'; color: black;\">\u00a0<\/span><\/p>\n<p class=\"preview\" style=\"background: white;\"><span style=\"font-size: 15.0pt; font-family: 'Arial','sans-serif'; color: black;\">En 2007, Dylan fue premiado con el Premio Pr\u00edncipe de Asturias de las Artes y al a\u00f1o siguiente con el Pulitzer de honor.<\/span><\/p>\n<p class=\"preview\" style=\"background: white;\"><span style=\"font-size: 15.0pt; font-family: 'Arial','sans-serif'; color: black;\">\u00a0<\/span><\/p>\n<p class=\"preview\" style=\"background: white;\"><span style=\"font-size: 15.0pt; font-family: 'Arial','sans-serif'; color: black;\">El premio de la Academia consta en ocho millones de coronas suecas (unos 930 mil d\u00f3lares) y se entregar\u00e1 en Estocolmo el pr\u00f3ximo 10 de diciembre, d\u00eda en que se conmemora la muerte del inventor de la dinamita Alfred Nobel.<\/span><\/p>\n<p class=\"preview\" style=\"background: white;\"><span style=\"font-size: 15.0pt; font-family: 'Arial','sans-serif'; color: black;\">\u00a0<\/span><\/p>\n<p class=\"preview\" style=\"background: white;\"><span style=\"font-size: 15.0pt; font-family: 'Arial','sans-serif'; color: black;\">El de Literatura es uno de los m\u00e1s famosos dentro de los Premios Nobel. El otro es el de la Paz, que gan\u00f3 este a\u00f1o el presidente colombiano Juan Manuel Santos, por su trabajo para finalizar el conflicto de d\u00e9cadas con las FARC.<\/span><\/p>\n","protected":false},"excerpt":{"rendered":"<p>El galard\u00f3n es para el m\u00fasico y cantante &#8220;por haber creado nuevas expresiones po\u00e9ticas&#8221;, anunci\u00f3 la Real Academia de Ciencias de Suecia \u00a0 \u00a0 \u00a0 \u00a0 El Premio Nobel de Literatura 2016 es para Bob Dylan &#8220;por haber creado nuevas expresiones po\u00e9ticas dentro de la gran tradici\u00f3n de la canci\u00f3n americana&#8221;, anunci\u00f3 la Real Academia de Ciencias de Suecia. \u00a0 \u00a0 La distinci\u00f3n la dio a conocer este jueves Sara Danius, secretaria de la Academia Sueca. El m\u00fasico, cantante y poeta estadounidense naci\u00f3 el 24 de mayo de 1941 y&#8230;<\/p>\n","protected":false},"author":3,"featured_media":2567,"comment_status":"closed","ping_status":"closed","sticky":false,"template":"","format":"standard","meta":[],"categories":[4],"tags":[],"_links":{"self":[{"href":"https:\/\/www.actualidadadiario.com\/index.php\/wp-json\/wp\/v2\/posts\/2566"}],"collection":[{"href":"https:\/\/www.actualidadadiario.com\/index.php\/wp-json\/wp\/v2\/posts"}],"about":[{"href":"https:\/\/www.actualidadadiario.com\/index.php\/wp-json\/wp\/v2\/types\/post"}],"author":[{"embeddable":true,"href":"https:\/\/www.actualidadadiario.com\/index.php\/wp-json\/wp\/v2\/users\/3"}],"replies":[{"embeddable":true,"href":"https:\/\/www.actualidadadiario.com\/index.php\/wp-json\/wp\/v2\/comments?post=2566"}],"version-history":[{"count":1,"href":"https:\/\/www.actualidadadiario.com\/index.php\/wp-json\/wp\/v2\/posts\/2566\/revisions"}],"predecessor-version":[{"id":2568,"href":"https:\/\/www.actualidadadiario.com\/index.php\/wp-json\/wp\/v2\/posts\/2566\/revisions\/2568"}],"wp:featuredmedia":[{"embeddable":true,"href":"https:\/\/www.actualidadadiario.com\/index.php\/wp-json\/wp\/v2\/media\/2567"}],"wp:attachment":[{"href":"https:\/\/www.actualidadadiario.com\/index.php\/wp-json\/wp\/v2\/media?parent=2566"}],"wp:term":[{"taxonomy":"category","embeddable":true,"href":"https:\/\/www.actualidadadiario.com\/index.php\/wp-json\/wp\/v2\/categories?post=2566"},{"taxonomy":"post_tag","embeddable":true,"href":"https:\/\/www.actualidadadiario.com\/index.php\/wp-json\/wp\/v2\/tags?post=2566"}],"curies":[{"name":"wp","href":"https:\/\/api.w.org\/{rel}","templated":true}]}}