{"id":2563,"date":"2016-10-13T10:40:20","date_gmt":"2016-10-13T13:40:20","guid":{"rendered":"http:\/\/actualidadadiario.com\/site\/?p=2563"},"modified":"2016-10-13T10:40:20","modified_gmt":"2016-10-13T13:40:20","slug":"la-afi-hizo-una-denuncia-por-presunto-espionaje-a-gustavo-sylvestre-y-mauro-federico","status":"publish","type":"post","link":"https:\/\/www.actualidadadiario.com\/index.php\/2016\/10\/13\/la-afi-hizo-una-denuncia-por-presunto-espionaje-a-gustavo-sylvestre-y-mauro-federico\/","title":{"rendered":"La AFI hizo una denuncia por presunto espionaje a Gustavo Sylvestre y Mauro Federico"},"content":{"rendered":"<p class=\"preview\" style=\"background: white;\"><em><strong><span style=\"font-size: 15.0pt; font-family: 'Arial','sans-serif'; color: black;\">El titular de la Agencia Federal de Inteligencia, Gustavo Arribas, radic\u00f3 la denuncia ante el fuero federal penal y pidi\u00f3 que se investigue si existi\u00f3 un hackeo a los mails de Gustavo Sylvestre y Mauro Federico. FOPEA conden\u00f3 la pr\u00e1ctica ilegal<\/span><\/strong><\/em><\/p>\n<p class=\"preview\" style=\"background: white;\"><span style=\"font-size: 15.0pt; font-family: 'Arial','sans-serif'; color: black;\">\u00a0<\/span><\/p>\n<p class=\"preview\" style=\"background: white;\"><span style=\"font-size: 15.0pt; font-family: 'Arial','sans-serif'; color: black;\">\u00a0<\/span><\/p>\n<p class=\"preview\" style=\"background: white;\"><span style=\"font-size: 15.0pt; font-family: 'Arial','sans-serif'; color: black;\">\u00a0<\/span><\/p>\n<p class=\"preview\" style=\"background: white;\"><span style=\"font-size: 15.0pt; font-family: 'Arial','sans-serif'; color: black;\">El director general de la Agencia Federal de Inteligencia, Gustavo Arribas, y la subdirectora del organismo, Silvia Majdalani, presentaron este mi\u00e9rcoles una denuncia ante el fuero federal penal para que se investigue la posible existencia de espionaje ilegal en perjuicio de Gustavo Sylvestre y Mauro Federico.<\/span><\/p>\n<p class=\"preview\" style=\"background: white;\"><span style=\"font-size: 15.0pt; font-family: 'Arial','sans-serif'; color: black;\">El requerimiento recay\u00f3 por sorteo en el Juzgado Criminal y Correccional Federal N\u00b0 9, a cargo del juez Luis Rodr\u00edguez, el mismo en el que se tramita otro proceso impulsado por la misma Agencia, donde se denunciaron intervenciones ilegales de las comunicaciones de otros periodistas. <\/span><\/p>\n<p class=\"preview\" style=\"background: white;\"><span style=\"font-size: 15.0pt; font-family: 'Arial','sans-serif'; color: black;\">\u00a0<\/span><\/p>\n<p class=\"preview\" style=\"background: white;\"><span style=\"font-size: 15.0pt; font-family: 'Arial','sans-serif'; color: black;\">El expediente qued\u00f3 caratulado como &#8220;Averiguaci\u00f3n de delito&#8221; y fue identificado con el n\u00famero 14.601\/2016. En paralelo, dos nuevos proyectos de resoluci\u00f3n presentados en la C\u00e1mara de Diputados de la Naci\u00f3n requirieron informes al Ejecutivo acerca de las posibles implicancias de la AFI en el hackeo de las cuentas de correo de los periodistas de C5N y \u00c1mbito Financiero.<\/span><\/p>\n<p class=\"preview\" style=\"background: white;\"><span style=\"font-size: 15.0pt; font-family: 'Arial','sans-serif'; color: black;\">\u00a0<\/span><\/p>\n<p class=\"preview\" style=\"background: white;\"><span style=\"font-size: 15.0pt; font-family: 'Arial','sans-serif'; color: black;\">&#8220;Ni el 5 ni la 8 han ordenado, ni dispuesto, ni autorizado las tareas de inteligencia a las que se refieren las denuncias period\u00edsticas, ni tampoco respecto del Grupo Indalo, ni ning\u00fan otro medio. Por esos mismos trascendidos, se dispusieron actuaciones administrativas internas y este mi\u00e9rcoles, a primera hora, se present\u00f3 la denuncia penal por posible violaci\u00f3n a la ley de inteligencia y, en su caso, para que se verifique e identifique a los responsables&#8221;, informaron fuente de la AFI.<\/span><\/p>\n","protected":false},"excerpt":{"rendered":"<p>El titular de la Agencia Federal de Inteligencia, Gustavo Arribas, radic\u00f3 la denuncia ante el fuero federal penal y pidi\u00f3 que se investigue si existi\u00f3 un hackeo a los mails de Gustavo Sylvestre y Mauro Federico. FOPEA conden\u00f3 la pr\u00e1ctica ilegal \u00a0 \u00a0 \u00a0 El director general de la Agencia Federal de Inteligencia, Gustavo Arribas, y la subdirectora del organismo, Silvia Majdalani, presentaron este mi\u00e9rcoles una denuncia ante el fuero federal penal para que se investigue la posible existencia de espionaje ilegal en perjuicio de Gustavo Sylvestre y Mauro Federico&#8230;.<\/p>\n","protected":false},"author":3,"featured_media":2564,"comment_status":"closed","ping_status":"closed","sticky":false,"template":"","format":"standard","meta":[],"categories":[18],"tags":[],"_links":{"self":[{"href":"https:\/\/www.actualidadadiario.com\/index.php\/wp-json\/wp\/v2\/posts\/2563"}],"collection":[{"href":"https:\/\/www.actualidadadiario.com\/index.php\/wp-json\/wp\/v2\/posts"}],"about":[{"href":"https:\/\/www.actualidadadiario.com\/index.php\/wp-json\/wp\/v2\/types\/post"}],"author":[{"embeddable":true,"href":"https:\/\/www.actualidadadiario.com\/index.php\/wp-json\/wp\/v2\/users\/3"}],"replies":[{"embeddable":true,"href":"https:\/\/www.actualidadadiario.com\/index.php\/wp-json\/wp\/v2\/comments?post=2563"}],"version-history":[{"count":1,"href":"https:\/\/www.actualidadadiario.com\/index.php\/wp-json\/wp\/v2\/posts\/2563\/revisions"}],"predecessor-version":[{"id":2565,"href":"https:\/\/www.actualidadadiario.com\/index.php\/wp-json\/wp\/v2\/posts\/2563\/revisions\/2565"}],"wp:featuredmedia":[{"embeddable":true,"href":"https:\/\/www.actualidadadiario.com\/index.php\/wp-json\/wp\/v2\/media\/2564"}],"wp:attachment":[{"href":"https:\/\/www.actualidadadiario.com\/index.php\/wp-json\/wp\/v2\/media?parent=2563"}],"wp:term":[{"taxonomy":"category","embeddable":true,"href":"https:\/\/www.actualidadadiario.com\/index.php\/wp-json\/wp\/v2\/categories?post=2563"},{"taxonomy":"post_tag","embeddable":true,"href":"https:\/\/www.actualidadadiario.com\/index.php\/wp-json\/wp\/v2\/tags?post=2563"}],"curies":[{"name":"wp","href":"https:\/\/api.w.org\/{rel}","templated":true}]}}