{"id":2560,"date":"2016-10-13T10:39:33","date_gmt":"2016-10-13T13:39:33","guid":{"rendered":"http:\/\/actualidadadiario.com\/site\/?p=2560"},"modified":"2016-10-13T10:39:33","modified_gmt":"2016-10-13T13:39:33","slug":"docentes-estudiantes-y-especialistas-rechazan-el-operativo-aprender-2016","status":"publish","type":"post","link":"https:\/\/www.actualidadadiario.com\/index.php\/2016\/10\/13\/docentes-estudiantes-y-especialistas-rechazan-el-operativo-aprender-2016\/","title":{"rendered":"Docentes, estudiantes y especialistas rechazan el &#8216;Operativo Aprender 2016&#8217;"},"content":{"rendered":"<h3><em><strong>Los pr\u00f3ximos 18 y 19 de octubre el Gobierno Nacional realizar\u00e1 un estudio para evaluar el estado de la educaci\u00f3n y la capacidad de quienes ejercen en ese \u00e1mbito aunque ya gener\u00f3 diversas pol\u00e9micas<\/strong><\/em><\/h3>\n<p>&nbsp;<\/p>\n<p>&nbsp;<\/p>\n<p>&nbsp;<\/p>\n<p>&nbsp;<\/p>\n<p>La pr\u00f3xima semana, todos los ni\u00f1os del pa\u00eds de 3\u00b0 y 6\u00b0 grado de primaria y 3\u00b0 y 5\u00b0 a\u00f1o de secundaria\u00a0 de escuelas privadas y p\u00fablicas deber\u00e1n realizar- seg\u00fan lo estipulado por el gobierno nacional-\u00a0 una prueba de &#8220;m\u00faltiple choice\u201d en el marco del &#8220;Operativo aprender&#8221;.<\/p>\n<p>&nbsp;<\/p>\n<p>&nbsp;<\/p>\n<p>Este sistema es llamado de &#8220;evaluaci\u00f3n externa\u201d, ya que lo planifican empresas que nada tienen que ver con el ministerio de educaci\u00f3n y que entra en sinton\u00eda con el giro empresarial del gobierno de Mauricio Macri.<\/p>\n<p>&nbsp;<\/p>\n<p>El sistema de &#8220;m\u00faltiple choice&#8221; es criticado por docentes y especialistas ya que &#8220;destruye el objetivo pedag\u00f3gico de que los alumnos entiendan, razonen, analicen y saquen conclusiones propias sobre los contenidos que se ense\u00f1an. Al contrario, ya han llegado a escuelas ejercicios preparatorios y con la intenci\u00f3n de que a los ni\u00f1os no les vaya mal, se han dejado de lado los planes de estudio habituales para \u00b4entrenarlos`&#8221;.<\/p>\n<p>&nbsp;<\/p>\n<p>Las preguntas para &#8220;evaluar el estado de la situaci\u00f3n educativa actual&#8221; incluyen ejemplo como: &#8220;El fruto de una planta siempre contiene semillas. \u00bfCu\u00e1l de \u00e9stas no es un fruto? A- Naranja; B- Calabaza; C- Manzana; D- Apio\u201d.<\/p>\n<p>&nbsp;<\/p>\n<p>Adem\u00e1s intentan poner\u00a0 un &#8220;ranking\u201d de escuelas, calific\u00e1ndolas de 1\u00b0, 2\u00b0 y 3\u00b0 categor\u00eda generando una discriminaci\u00f3n y estigmatizaci\u00f3n entre los alumnos de acuerdo al establecimiento que asistan.<\/p>\n<p>&nbsp;<\/p>\n<p>Natalia Stoppani, profesora en Ciencia Pol\u00edtica y Coordinadora del Departamento de Educaci\u00f3n del CCC Floreal Gorini, public\u00f3 en P\u00e1gina 12 un editorial en el que rechaz\u00f3 esta visi\u00f3n y propuesta tecnocr\u00e1tica sobre la educaci\u00f3n.<\/p>\n<p>&nbsp;<\/p>\n<p>&#8220;Nos preguntamos cu\u00e1les son los fundamentos pedag\u00f3gicos y estad\u00edsticos para sustentar esta evaluaci\u00f3n, cu\u00e1les son los argumentos para hacerla de \u00e9ste modo y cu\u00e1l es el objetivo que subyace a esta prueba estandarizada y uniforme&#8221;, reflexiona Stoppani y remarca que este tipo de actitud por parte del gobierno nacional: &#8220;Supone una descalificaci\u00f3n a lo existente, pues se deja entrever que antes no se evaluaba, antes no se hac\u00eda nada y nosotros, con el fin de la transparencia y la mejora de la calidad educativa, ahora, por fin , cada qui\u00e9n tendr\u00e1 lo que se merece&#8221;.<\/p>\n<p>&nbsp;<\/p>\n<p>Esta pr\u00e1ctica de &#8220;evaluaci\u00f3n educativa&#8221; ya se realiza en\u00a0 pa\u00edses como M\u00e9xico, Chile y Brasil donde lo que se prima son los intereses educativos en pos de la ideolog\u00eda de empresa y de un mundo de incertidumbre laboral.<\/p>\n","protected":false},"excerpt":{"rendered":"<p>Los pr\u00f3ximos 18 y 19 de octubre el Gobierno Nacional realizar\u00e1 un estudio para evaluar el estado de la educaci\u00f3n y la capacidad de quienes ejercen en ese \u00e1mbito aunque ya gener\u00f3 diversas pol\u00e9micas &nbsp; &nbsp; &nbsp; &nbsp; La pr\u00f3xima semana, todos los ni\u00f1os del pa\u00eds de 3\u00b0 y 6\u00b0 grado de primaria y 3\u00b0 y 5\u00b0 a\u00f1o de secundaria\u00a0 de escuelas privadas y p\u00fablicas deber\u00e1n realizar- seg\u00fan lo estipulado por el gobierno nacional-\u00a0 una prueba de &#8220;m\u00faltiple choice\u201d en el marco del &#8220;Operativo aprender&#8221;. &nbsp; &nbsp; Este sistema es&#8230;<\/p>\n","protected":false},"author":3,"featured_media":2561,"comment_status":"closed","ping_status":"closed","sticky":false,"template":"","format":"standard","meta":[],"categories":[9],"tags":[],"_links":{"self":[{"href":"https:\/\/www.actualidadadiario.com\/index.php\/wp-json\/wp\/v2\/posts\/2560"}],"collection":[{"href":"https:\/\/www.actualidadadiario.com\/index.php\/wp-json\/wp\/v2\/posts"}],"about":[{"href":"https:\/\/www.actualidadadiario.com\/index.php\/wp-json\/wp\/v2\/types\/post"}],"author":[{"embeddable":true,"href":"https:\/\/www.actualidadadiario.com\/index.php\/wp-json\/wp\/v2\/users\/3"}],"replies":[{"embeddable":true,"href":"https:\/\/www.actualidadadiario.com\/index.php\/wp-json\/wp\/v2\/comments?post=2560"}],"version-history":[{"count":1,"href":"https:\/\/www.actualidadadiario.com\/index.php\/wp-json\/wp\/v2\/posts\/2560\/revisions"}],"predecessor-version":[{"id":2562,"href":"https:\/\/www.actualidadadiario.com\/index.php\/wp-json\/wp\/v2\/posts\/2560\/revisions\/2562"}],"wp:featuredmedia":[{"embeddable":true,"href":"https:\/\/www.actualidadadiario.com\/index.php\/wp-json\/wp\/v2\/media\/2561"}],"wp:attachment":[{"href":"https:\/\/www.actualidadadiario.com\/index.php\/wp-json\/wp\/v2\/media?parent=2560"}],"wp:term":[{"taxonomy":"category","embeddable":true,"href":"https:\/\/www.actualidadadiario.com\/index.php\/wp-json\/wp\/v2\/categories?post=2560"},{"taxonomy":"post_tag","embeddable":true,"href":"https:\/\/www.actualidadadiario.com\/index.php\/wp-json\/wp\/v2\/tags?post=2560"}],"curies":[{"name":"wp","href":"https:\/\/api.w.org\/{rel}","templated":true}]}}