{"id":2557,"date":"2016-10-13T10:38:45","date_gmt":"2016-10-13T13:38:45","guid":{"rendered":"http:\/\/actualidadadiario.com\/site\/?p=2557"},"modified":"2016-10-13T10:38:45","modified_gmt":"2016-10-13T13:38:45","slug":"oficial-gomez-centurion-fue-repuesto-en-aduana","status":"publish","type":"post","link":"https:\/\/www.actualidadadiario.com\/index.php\/2016\/10\/13\/oficial-gomez-centurion-fue-repuesto-en-aduana\/","title":{"rendered":"Oficial: G\u00f3mez Centuri\u00f3n fue repuesto en Aduana"},"content":{"rendered":"<p class=\"preview\" style=\"background: white;\"><em><strong><span style=\"font-size: 15.0pt; font-family: 'Arial','sans-serif'; color: black;\">El Gobierno oficializ\u00f3 la reposici\u00f3n de Juan Jos\u00e9 G\u00f3mez Centuri\u00f3n en su cargo de titular de la Direcci\u00f3n Nacional de Aduanas, luego de separarlo provisoriamente tras una denuncia an\u00f3nima en su contra por presunta corrupci\u00f3n dentro del organismo<\/span><\/strong><\/em><\/p>\n<p class=\"preview\" style=\"background: white;\"><span style=\"font-size: 15.0pt; font-family: 'Arial','sans-serif'; color: black;\">\u00a0<\/span><\/p>\n<p class=\"preview\" style=\"background: white;\"><span style=\"font-size: 15.0pt; font-family: 'Arial','sans-serif'; color: black;\">\u00a0<\/span><\/p>\n<p class=\"preview\" style=\"background: white;\"><span style=\"font-size: 15.0pt; font-family: 'Arial','sans-serif'; color: black;\">\u00a0<\/span><\/p>\n<p class=\"preview\" style=\"background: white;\"><span style=\"font-size: 15.0pt; font-family: 'Arial','sans-serif'; color: black;\">\u00a0<\/span><\/p>\n<p class=\"preview\" style=\"background: white;\"><span style=\"font-size: 15.0pt; font-family: 'Arial','sans-serif'; color: black;\">\u00a0<\/span><\/p>\n<p class=\"preview\" style=\"background: white;\"><span style=\"font-size: 15.0pt; font-family: 'Arial','sans-serif'; color: black;\">\u00a0<\/span><\/p>\n<p class=\"preview\" style=\"background: white;\"><span style=\"font-size: 15.0pt; font-family: 'Arial','sans-serif'; color: black;\">La medida, adelantada ayer por fuentes oficiales, fue dispuesta mediante la disposici\u00f3n 359\/2016 de la Administraci\u00f3n Federal de Ingresos P\u00fablicos (AFIP), firmada por su titular Alberto Abad.<\/span><\/p>\n<p class=\"preview\" style=\"background: white;\"><span style=\"font-size: 15.0pt; font-family: 'Arial','sans-serif'; color: black;\">\u00a0<\/span><\/p>\n<p class=\"preview\" style=\"background: white;\"><span style=\"font-size: 15.0pt; font-family: 'Arial','sans-serif'; color: black;\">G\u00f3mez Centuri\u00f3n se encontraba suspendido en el cargo desde el 19 de agosto pasado, por orden del presidente Mauricio Macri.<\/span><\/p>\n<p class=\"preview\" style=\"background: white;\"><span style=\"font-size: 15.0pt; font-family: 'Arial','sans-serif'; color: black;\">\u00a0<\/span><\/p>\n<p class=\"preview\" style=\"background: white;\"><span style=\"font-size: 15.0pt; font-family: 'Arial','sans-serif'; color: black;\">La decisi\u00f3n presidencial, recuerda la disposici\u00f3n publicada en el Bolet\u00edn Oficial, hab\u00eda sido resuelta &#8220;hasta tanto se dilucidasen los hechos que resultaran objeto de investigaci\u00f3n en la causa judicial que se iniciara oportunamente por denuncia recibida por el Ministerio de Seguridad y que tramita por ante el Juzgado en lo Criminal y Correccional Federal N\u00b0 4&#8221;.<\/span><\/p>\n<p class=\"preview\" style=\"background: white;\"><span style=\"font-size: 15.0pt; font-family: 'Arial','sans-serif'; color: black;\">\u00a0<\/span><\/p>\n<p class=\"preview\" style=\"background: white;\"><span style=\"font-size: 15.0pt; font-family: 'Arial','sans-serif'; color: black;\">Justamente, d\u00edas atr\u00e1s el titular de ese juzgado, el magistrado Ariel Lijo, se declar\u00f3 incompetente para investigar la denuncia contra G\u00f3mez Centuri\u00f3n porque &#8220;el resultado de las medidas dispuestas no han permitido un avance sobre su eventual responsabilidad en las maniobras denunciadas&#8221; y &#8220;las medidas probatorias dispuestas no han logrado vincular&#8221; al nuevamente m\u00e1ximo responsable de la Aduana &#8220;a alg\u00fan hecho delictivo de competencia federal&#8221;.<\/span><\/p>\n<p class=\"preview\" style=\"background: white;\"><span style=\"font-size: 15.0pt; font-family: 'Arial','sans-serif'; color: black;\">\u00a0<\/span><\/p>\n<p class=\"preview\" style=\"background: white;\"><span style=\"font-size: 15.0pt; font-family: 'Arial','sans-serif'; color: black;\">Por eso hoy, al reponerlo en sus funciones, el gobierno nacional argument\u00f3 en los considerandos de la disposici\u00f3n que, &#8220;incluyendo los tr\u00e1mites y tiempos judiciales&#8221;, hay &#8220;m\u00e9rito suficiente para permitirle al nombrado el ejercicio del cargo como director general de Aduanas&#8221;.<\/span><\/p>\n<p class=\"preview\" style=\"background: white;\"><span style=\"font-size: 15.0pt; font-family: 'Arial','sans-serif'; color: black;\">\u00a0<\/span><\/p>\n<p class=\"preview\" style=\"background: white;\"><span style=\"font-size: 15.0pt; font-family: 'Arial','sans-serif'; color: black;\">Tambi\u00e9n en la resoluci\u00f3n de hoy se dieron &#8220;por finalizadas&#8221; las funciones como director general a cargo de la Aduana de quien reemplaz\u00f3 hasta hoy a G\u00f3mez Centuri\u00f3n, Javier Zabaljauregui.<\/span><\/p>\n","protected":false},"excerpt":{"rendered":"<p>El Gobierno oficializ\u00f3 la reposici\u00f3n de Juan Jos\u00e9 G\u00f3mez Centuri\u00f3n en su cargo de titular de la Direcci\u00f3n Nacional de Aduanas, luego de separarlo provisoriamente tras una denuncia an\u00f3nima en su contra por presunta corrupci\u00f3n dentro del organismo \u00a0 \u00a0 \u00a0 \u00a0 \u00a0 \u00a0 La medida, adelantada ayer por fuentes oficiales, fue dispuesta mediante la disposici\u00f3n 359\/2016 de la Administraci\u00f3n Federal de Ingresos P\u00fablicos (AFIP), firmada por su titular Alberto Abad. \u00a0 G\u00f3mez Centuri\u00f3n se encontraba suspendido en el cargo desde el 19 de agosto pasado, por orden del presidente&#8230;<\/p>\n","protected":false},"author":3,"featured_media":2558,"comment_status":"closed","ping_status":"closed","sticky":false,"template":"","format":"standard","meta":[],"categories":[2],"tags":[],"_links":{"self":[{"href":"https:\/\/www.actualidadadiario.com\/index.php\/wp-json\/wp\/v2\/posts\/2557"}],"collection":[{"href":"https:\/\/www.actualidadadiario.com\/index.php\/wp-json\/wp\/v2\/posts"}],"about":[{"href":"https:\/\/www.actualidadadiario.com\/index.php\/wp-json\/wp\/v2\/types\/post"}],"author":[{"embeddable":true,"href":"https:\/\/www.actualidadadiario.com\/index.php\/wp-json\/wp\/v2\/users\/3"}],"replies":[{"embeddable":true,"href":"https:\/\/www.actualidadadiario.com\/index.php\/wp-json\/wp\/v2\/comments?post=2557"}],"version-history":[{"count":1,"href":"https:\/\/www.actualidadadiario.com\/index.php\/wp-json\/wp\/v2\/posts\/2557\/revisions"}],"predecessor-version":[{"id":2559,"href":"https:\/\/www.actualidadadiario.com\/index.php\/wp-json\/wp\/v2\/posts\/2557\/revisions\/2559"}],"wp:featuredmedia":[{"embeddable":true,"href":"https:\/\/www.actualidadadiario.com\/index.php\/wp-json\/wp\/v2\/media\/2558"}],"wp:attachment":[{"href":"https:\/\/www.actualidadadiario.com\/index.php\/wp-json\/wp\/v2\/media?parent=2557"}],"wp:term":[{"taxonomy":"category","embeddable":true,"href":"https:\/\/www.actualidadadiario.com\/index.php\/wp-json\/wp\/v2\/categories?post=2557"},{"taxonomy":"post_tag","embeddable":true,"href":"https:\/\/www.actualidadadiario.com\/index.php\/wp-json\/wp\/v2\/tags?post=2557"}],"curies":[{"name":"wp","href":"https:\/\/api.w.org\/{rel}","templated":true}]}}