{"id":2554,"date":"2016-10-13T10:38:02","date_gmt":"2016-10-13T13:38:02","guid":{"rendered":"http:\/\/actualidadadiario.com\/site\/?p=2554"},"modified":"2016-10-13T10:55:09","modified_gmt":"2016-10-13T13:55:09","slug":"cristina-kirchner-y-daniel-scioli-juntos-en-un-acto-por-primera-vez-tras-las-elecciones","status":"publish","type":"post","link":"https:\/\/www.actualidadadiario.com\/index.php\/2016\/10\/13\/cristina-kirchner-y-daniel-scioli-juntos-en-un-acto-por-primera-vez-tras-las-elecciones\/","title":{"rendered":"Cristina Kirchner y Daniel Scioli, juntos en un acto por primera vez tras las elecciones"},"content":{"rendered":"<p class=\"preview\" style=\"background: white;\"><strong><em><span style=\"font-size: 15.0pt; font-family: 'Arial','sans-serif'; color: black;\">Es la segunda vez que se los ve luego de la reuni\u00f3n que mantuvieron en agosto, en el Instituto Patria. &#8220;Querido Daniel, gracias por estar aqu\u00ed&#8221;, lo salud\u00f3 la ex presidenta<\/span><\/em><\/strong><\/p>\n<p class=\"preview\" style=\"background: white;\"><span style=\"font-size: 15.0pt; font-family: 'Arial','sans-serif'; color: black;\">\u00a0<\/span><\/p>\n<p class=\"preview\" style=\"background: white;\"><span style=\"font-size: 15.0pt; font-family: 'Arial','sans-serif'; color: black;\">\u00a0<\/span><\/p>\n<p class=\"preview\" style=\"background: white;\"><span style=\"font-size: 15.0pt; font-family: 'Arial','sans-serif'; color: black;\">\u00a0<\/span><\/p>\n<p class=\"preview\" style=\"background: white;\"><span style=\"font-size: 15.0pt; font-family: 'Arial','sans-serif'; color: black;\">La ex presidenta Cristina Kirchner y el ex gobernador de la provincia de Buenos Aires Daniel Scioli se mostraron juntos en un acto, por primera vez tras las elecciones del a\u00f1o pasado. La ex mandataria recibi\u00f3 dos t\u00edtulos de Doctora Honoris Causa y Scioli presenci\u00f3 el evento junto a diputados, intendentes y ex funcionarios kirchneristas.<\/span><\/p>\n<p class=\"preview\" style=\"background: white;\"><span style=\"font-size: 15.0pt; font-family: 'Arial','sans-serif'; color: black;\">\u00a0<\/span><\/p>\n<p class=\"preview\" style=\"background: white;\"><span style=\"font-size: 15.0pt; font-family: 'Arial','sans-serif'; color: black;\">&#8220;Querido Daniel, que tambi\u00e9n viniste a acompa\u00f1arnos, gracias por estar aqu\u00ed&#8221;, festej\u00f3 Cristina Kirchner al comienzo de su discurso cuando salud\u00f3 a los invitados. Cuando nombr\u00f3 a Scioli, quienes se acercaron a presenciar el acto realizaron un caluroso aplauso.<\/span><\/p>\n<p class=\"preview\" style=\"background: white;\"><span style=\"font-size: 15.0pt; font-family: 'Arial','sans-serif'; color: black;\">\u00a0<\/span><\/p>\n<p class=\"preview\" style=\"background: white;\"><span style=\"font-size: 15.0pt; font-family: 'Arial','sans-serif'; color: black;\">En agosto mantuvieron una reuni\u00f3n en el Instituto Patria. Tras el c\u00f3nclave, Scioli habl\u00f3 con el diario Perfil y llam\u00f3 al PJ a defender las pol\u00edticas implementadas durante los doce a\u00f1os de kirchnerismo: &#8220;Les digo a los compa\u00f1eros que seamos coherentes&#8221;.<\/span><\/p>\n<p class=\"preview\" style=\"background: white;\"><span style=\"font-size: 15.0pt; font-family: 'Arial','sans-serif'; color: black;\">\u00a0<\/span><\/p>\n<p class=\"preview\" style=\"background: white;\"><span style=\"font-size: 15.0pt; font-family: 'Arial','sans-serif'; color: black;\">Hace unos d\u00edas, la consultora Dicen se\u00f1al\u00f3 en una encuesta, realizada en territorio bonaerense, que la f\u00f3rmula Cristina Kirchner-Daniel Scioli de cara a las elecciones 2017 obtendr\u00eda el 39 por ciento de los votos.<\/span><\/p>\n","protected":false},"excerpt":{"rendered":"<p>Es la segunda vez que se los ve luego de la reuni\u00f3n que mantuvieron en agosto, en el Instituto Patria. &#8220;Querido Daniel, gracias por estar aqu\u00ed&#8221;, lo salud\u00f3 la ex presidenta \u00a0 \u00a0 \u00a0 La ex presidenta Cristina Kirchner y el ex gobernador de la provincia de Buenos Aires Daniel Scioli se mostraron juntos en un acto, por primera vez tras las elecciones del a\u00f1o pasado. La ex mandataria recibi\u00f3 dos t\u00edtulos de Doctora Honoris Causa y Scioli presenci\u00f3 el evento junto a diputados, intendentes y ex funcionarios kirchneristas. \u00a0&#8230;<\/p>\n","protected":false},"author":3,"featured_media":2603,"comment_status":"closed","ping_status":"closed","sticky":false,"template":"","format":"standard","meta":[],"categories":[18],"tags":[],"_links":{"self":[{"href":"https:\/\/www.actualidadadiario.com\/index.php\/wp-json\/wp\/v2\/posts\/2554"}],"collection":[{"href":"https:\/\/www.actualidadadiario.com\/index.php\/wp-json\/wp\/v2\/posts"}],"about":[{"href":"https:\/\/www.actualidadadiario.com\/index.php\/wp-json\/wp\/v2\/types\/post"}],"author":[{"embeddable":true,"href":"https:\/\/www.actualidadadiario.com\/index.php\/wp-json\/wp\/v2\/users\/3"}],"replies":[{"embeddable":true,"href":"https:\/\/www.actualidadadiario.com\/index.php\/wp-json\/wp\/v2\/comments?post=2554"}],"version-history":[{"count":1,"href":"https:\/\/www.actualidadadiario.com\/index.php\/wp-json\/wp\/v2\/posts\/2554\/revisions"}],"predecessor-version":[{"id":2556,"href":"https:\/\/www.actualidadadiario.com\/index.php\/wp-json\/wp\/v2\/posts\/2554\/revisions\/2556"}],"wp:featuredmedia":[{"embeddable":true,"href":"https:\/\/www.actualidadadiario.com\/index.php\/wp-json\/wp\/v2\/media\/2603"}],"wp:attachment":[{"href":"https:\/\/www.actualidadadiario.com\/index.php\/wp-json\/wp\/v2\/media?parent=2554"}],"wp:term":[{"taxonomy":"category","embeddable":true,"href":"https:\/\/www.actualidadadiario.com\/index.php\/wp-json\/wp\/v2\/categories?post=2554"},{"taxonomy":"post_tag","embeddable":true,"href":"https:\/\/www.actualidadadiario.com\/index.php\/wp-json\/wp\/v2\/tags?post=2554"}],"curies":[{"name":"wp","href":"https:\/\/api.w.org\/{rel}","templated":true}]}}