{"id":255,"date":"2016-08-24T08:38:43","date_gmt":"2016-08-24T11:38:43","guid":{"rendered":"http:\/\/actualidadadiario.com\/site\/?p=255"},"modified":"2016-08-24T08:38:43","modified_gmt":"2016-08-24T11:38:43","slug":"alicia-benitez-de-feltes-nueva-directora-de-vialidad-provincial","status":"publish","type":"post","link":"https:\/\/www.actualidadadiario.com\/index.php\/2016\/08\/24\/alicia-benitez-de-feltes-nueva-directora-de-vialidad-provincial\/","title":{"rendered":"Alicia Ben\u00edtez de Feltes nueva directora de Vialidad provincial"},"content":{"rendered":"<p><em><strong>El gobernador Gustavo Bordet hizo entrega este martes del decreto que designa como directora administradora de la Direcci\u00f3n Provincial de Vialidad (DPV) a Alicia Ben\u00edtez de Feltes, en un acto que tuvo lugar en la Casa Gris. Los acompa\u00f1aron el ministro de Planeamiento, Infraestructura y Servicios, Luis Benedetto; el secretario general de la Gobernaci\u00f3n, Edgardo Kueider; y el titular saliente de Vialidad y secretario general del Sindicato de Obreros y Empleados Viales de Entre R\u00edos (Soever), Juan Carlos Lallana<\/strong><\/em><\/p>\n<p>&nbsp;<\/p>\n<p>&nbsp;<\/p>\n<p>&nbsp;<\/p>\n<p>Consultada sobre c\u00f3mo encarar\u00e1 el trabajo, Feltes respondi\u00f3: &#8220;Como siempre lo he hecho en todas las \u00e1reas donde he ido. Tengo netamente un perfil t\u00e9cnico, por lo tanto primero me reunir\u00e9 con todos los t\u00e9cnicos, ver\u00e9 los planes de obras, en qu\u00e9 pautas estamos en cada una de esas obras, lo que hay que hacer. Es una provincia que sufri\u00f3 una situaci\u00f3n realmente de emergencia. Hay que hacerle un reconocimiento a la gente de Vialidad que no tuvo ni s\u00e1bados ni domingos. Ahora que se sali\u00f3 de la emergencia tenemos que planificar y ver c\u00f3mo seguimos\u201d.<\/p>\n<p>Coment\u00f3 que su primera actividad ser\u00e1 \u201creunirme con todas las \u00e1reas de trabajo de Vialidad y luego s\u00ed recibir, como lo he hecho siempre, a intendentes, legisladores. Este no es un trabajo que se puede hacer solo. Uno no puede trabajar en \u00e1reas t\u00e9cnicas encerrado en un despacho y no conocer la realidad del territorio\u201d.<\/p>\n<p>Ante una pregunta sobre si es la primera vez que una mujer asume la direcci\u00f3n de Vialidad, se\u00f1al\u00f3: \u201cCreo que a nivel nacional no debe haber. Siempre me ha tocado el \u00e1rea de la construcci\u00f3n, donde no es lo m\u00e1s com\u00fan ver mujeres desarrollar su tarea. Me he manejado con mucho respeto y voy a seguir en el mismo camino\u201d.<\/p>\n<p>\u201cVoy a seguir las pautas que me vaya dando el gobernador\u201d, asegur\u00f3 y, respecto a su antecesor, hizo notar que \u201cLallana es parte del gremio vial, por lo que la pr\u00f3xima semana vamos a tener una reuni\u00f3n como repartici\u00f3n con el gremio\u201d.<\/p>\n<p>Con respecto a los consorcios camineros, coment\u00f3 que en la ley de Vialidad est\u00e1 estipulado fomentarlos. \u201cEs un tema que hemos hablado con el gobernador y vamos a seguir avanzando, mirando los pro y los contra. Creo que todo se puede dar para trabajar en forma conjunta. No todas las obras pueden ser hechas por Vialidad, no todas las obras deben ser realizadas por empresas. Se sali\u00f3 de la emergencia, pero todav\u00eda nos falta hacer caminos. Tenemos que ver en base a los recursos, que no es menor, c\u00f3mo vamos a manejar la situaci\u00f3n. En una provincia como \u00e9sta, que tiene tantos kil\u00f3metros, da para que todos act\u00faen. Lo de los consorcios camineros lo vamos a seguir trabajando con los legisladores\u201d.<\/p>\n<p>Por otra parte, consider\u00f3 que \u201cVialidad ha actuado muy bien, haciendo lo m\u00ednimo e indispensable, pero en hay zonas de Victoria o de Villa Paranacito donde todav\u00eda el agua no baj\u00f3 lo suficiente para trabajar. Son situaciones que tenemos que ir viendo d\u00eda a d\u00eda\u201d.<\/p>\n<p>&nbsp;<\/p>\n<p>&nbsp;<\/p>\n<p><strong>Cuestiones personales\u00a0<\/strong><\/p>\n<p>Por su parte, Lallana remarc\u00f3 que su salida del organismo fue por &#8220;cuestiones personales. Creo que ya hemos cumplido un ciclo en este poco tiempo en Vialidad, con la tranquilidad de haber cumplido totalmente con lo conversado con el gobernador cuando asumimos, de ordenar este organismo, de ponerlo en caja y de dejarlo en condiciones para que siga trabajando como lo viene haciendo&#8221;.<\/p>\n<p>Consider\u00f3 que, pese a que hace s\u00f3lo ocho meses que asumi\u00f3, \u201cuno tiene prioridades en la vida. Tiene familia y por ah\u00ed ya se quiere dedicar a todo esto, pensando que el trabajo que vinimos a hacer, que era en definitiva ordenar la Vialidad, ponerla en caja y dejarla en condiciones de seguir trabajando, ya lo hicimos. Entonces priorizamos lo familiar&#8221;.<\/p>\n<p>En cuanto a c\u00f3mo seguir\u00e1 la relaci\u00f3n del sindicato vial con la nueva conducci\u00f3n del organismo provincial, dijo que ser\u00e1 &#8220;como lo ven\u00eda haciendo con los directores administradores anteriores, siempre priorizando el di\u00e1logo y el consenso, l\u00f3gicamente mientras se respeten los derechos de los trabajadores y que veamos que la persona que est\u00e1 al frente de Vialidad viene a hacer las cosas lo mejor posible para tratar de engrandecer cada vez m\u00e1s organismo&#8221;.<\/p>\n","protected":false},"excerpt":{"rendered":"<p>El gobernador Gustavo Bordet hizo entrega este martes del decreto que designa como directora administradora de la Direcci\u00f3n Provincial de Vialidad (DPV) a Alicia Ben\u00edtez de Feltes, en un acto que tuvo lugar en la Casa Gris. Los acompa\u00f1aron el ministro de Planeamiento, Infraestructura y Servicios, Luis Benedetto; el secretario general de la Gobernaci\u00f3n, Edgardo Kueider; y el titular saliente de Vialidad y secretario general del Sindicato de Obreros y Empleados Viales de Entre R\u00edos (Soever), Juan Carlos Lallana &nbsp; &nbsp; &nbsp; Consultada sobre c\u00f3mo encarar\u00e1 el trabajo, Feltes respondi\u00f3:&#8230;<\/p>\n","protected":false},"author":3,"featured_media":256,"comment_status":"closed","ping_status":"open","sticky":false,"template":"","format":"standard","meta":[],"categories":[9],"tags":[],"_links":{"self":[{"href":"https:\/\/www.actualidadadiario.com\/index.php\/wp-json\/wp\/v2\/posts\/255"}],"collection":[{"href":"https:\/\/www.actualidadadiario.com\/index.php\/wp-json\/wp\/v2\/posts"}],"about":[{"href":"https:\/\/www.actualidadadiario.com\/index.php\/wp-json\/wp\/v2\/types\/post"}],"author":[{"embeddable":true,"href":"https:\/\/www.actualidadadiario.com\/index.php\/wp-json\/wp\/v2\/users\/3"}],"replies":[{"embeddable":true,"href":"https:\/\/www.actualidadadiario.com\/index.php\/wp-json\/wp\/v2\/comments?post=255"}],"version-history":[{"count":1,"href":"https:\/\/www.actualidadadiario.com\/index.php\/wp-json\/wp\/v2\/posts\/255\/revisions"}],"predecessor-version":[{"id":257,"href":"https:\/\/www.actualidadadiario.com\/index.php\/wp-json\/wp\/v2\/posts\/255\/revisions\/257"}],"wp:featuredmedia":[{"embeddable":true,"href":"https:\/\/www.actualidadadiario.com\/index.php\/wp-json\/wp\/v2\/media\/256"}],"wp:attachment":[{"href":"https:\/\/www.actualidadadiario.com\/index.php\/wp-json\/wp\/v2\/media?parent=255"}],"wp:term":[{"taxonomy":"category","embeddable":true,"href":"https:\/\/www.actualidadadiario.com\/index.php\/wp-json\/wp\/v2\/categories?post=255"},{"taxonomy":"post_tag","embeddable":true,"href":"https:\/\/www.actualidadadiario.com\/index.php\/wp-json\/wp\/v2\/tags?post=255"}],"curies":[{"name":"wp","href":"https:\/\/api.w.org\/{rel}","templated":true}]}}