{"id":2548,"date":"2016-10-13T10:36:39","date_gmt":"2016-10-13T13:36:39","guid":{"rendered":"http:\/\/actualidadadiario.com\/site\/?p=2548"},"modified":"2016-10-13T10:36:39","modified_gmt":"2016-10-13T13:36:39","slug":"en-el-coloquio-de-idea-macri-insto-a-los-empresarios-a-reducir-los-costos","status":"publish","type":"post","link":"https:\/\/www.actualidadadiario.com\/index.php\/2016\/10\/13\/en-el-coloquio-de-idea-macri-insto-a-los-empresarios-a-reducir-los-costos\/","title":{"rendered":"En el Coloquio de IDEA, Macri inst\u00f3 a los empresarios a &#8221;reducir los costos&#8221;"},"content":{"rendered":"<h3><em><strong>El presidente brind\u00f3 un discurso en la apertura del foro que se desarrolla en Mar del Plata, en donde prometi\u00f3 \u201c48 mil millones de d\u00f3lares de inversi\u00f3n hasta el 2019\u201d, y hasta cit\u00f3 a Per\u00f3n<\/strong><\/em><\/h3>\n<p>&nbsp;<\/p>\n<p>&nbsp;<\/p>\n<p>&nbsp;<\/p>\n<p>&nbsp;<\/p>\n<p>El presidente Mauricio Macri inaugur\u00f3 el 52 Coloquio del Instituto para el Desarrollo Empresarial de la Argentina (IDEA), que se realiza en la ciudad de Mar del Plata, y all\u00ed brind\u00f3 un discurso de media hora ante los empresarios, a quienes motiv\u00f3 a \u201creducir costos\u201d y prometi\u00f3 inversiones hasta el 2019.<\/p>\n<p>&nbsp;<\/p>\n<p>&nbsp;<\/p>\n<p>En el foro, que en esta edici\u00f3n lleva el lema \u201cPuentes hacia el Futuro\u201d, el mandatario asegur\u00f3 que habr\u00e1 \u201c48 mil millones de d\u00f3lares de inversi\u00f3n de aqu\u00ed al 2019, lo que refleja el enorme compromiso del empresariado local e internacional apostando en esta nueva etapa de la Argentina\u201d, de acuerdo con la agencia DYN.<\/p>\n<p>&nbsp;<\/p>\n<p>\u201cTenemos enormes desaf\u00edos de cara al futuro, y el central es que tengamos todos la obsesi\u00f3n de la productividad\u201d, expres\u00f3 el presidente, quien hasta se anim\u00f3 a citar a Juan Domingo Per\u00f3n, cuando sostuvo que el expresidente dijo que \u201cla estrella polar de un pa\u00eds debe ser la productividad\u201d.<\/p>\n<p>&nbsp;<\/p>\n<p>A su vez, Macri les asegur\u00f3 a los empresarios que todos, incluido \u00e9l, son \u201cparte de un mismo equipo\u201d, y que son \u201csocios en conseguir empleo\u201d; y en este sentido, a\u00f1adi\u00f3: \u201cTenemos que ir reduciendo impuestos, hacerlos m\u00e1s racionales\u201d.<\/p>\n<p>&nbsp;<\/p>\n<p>Del mismo modo, el mandatario inst\u00f3 a los empresarios presentes a \u201cvolver a meterse en las f\u00e1bricas, en la empresa; a reducir los costos, y ofrecer a los argentinos mejores productos, de mejor precio y calidad\u201d.<\/p>\n<p>&nbsp;<\/p>\n<p>Por su parte, Macri tambi\u00e9n prometi\u00f3 crecimiento a partir del pr\u00f3ximo a\u00f1o, aunque luego aclar\u00f3: \u201cNo depende de un presidente, sino de lo que hacemos cada uno de los argentinos, cada uno tenemos algo que aportar\u201d.<\/p>\n<p>&nbsp;<\/p>\n<p>\u201cLes pido compromiso, entusiasmo, ganas de demostrar que lo que gana en la vida es la superaci\u00f3n, el esfuerzo personal; es lo que dignifica, y ustedes como l\u00edderes, cada uno en su lugar, tiene que transmitir ese mensaje, y no solo poner su capacidad e ingenio sino tambi\u00e9n solidaridad y coraz\u00f3n&#8221;, concluy\u00f3 el presidente.<\/p>\n","protected":false},"excerpt":{"rendered":"<p>El presidente brind\u00f3 un discurso en la apertura del foro que se desarrolla en Mar del Plata, en donde prometi\u00f3 \u201c48 mil millones de d\u00f3lares de inversi\u00f3n hasta el 2019\u201d, y hasta cit\u00f3 a Per\u00f3n &nbsp; &nbsp; &nbsp; &nbsp; El presidente Mauricio Macri inaugur\u00f3 el 52 Coloquio del Instituto para el Desarrollo Empresarial de la Argentina (IDEA), que se realiza en la ciudad de Mar del Plata, y all\u00ed brind\u00f3 un discurso de media hora ante los empresarios, a quienes motiv\u00f3 a \u201creducir costos\u201d y prometi\u00f3 inversiones hasta el 2019&#8230;.<\/p>\n","protected":false},"author":3,"featured_media":2549,"comment_status":"closed","ping_status":"closed","sticky":false,"template":"","format":"standard","meta":[],"categories":[9],"tags":[],"_links":{"self":[{"href":"https:\/\/www.actualidadadiario.com\/index.php\/wp-json\/wp\/v2\/posts\/2548"}],"collection":[{"href":"https:\/\/www.actualidadadiario.com\/index.php\/wp-json\/wp\/v2\/posts"}],"about":[{"href":"https:\/\/www.actualidadadiario.com\/index.php\/wp-json\/wp\/v2\/types\/post"}],"author":[{"embeddable":true,"href":"https:\/\/www.actualidadadiario.com\/index.php\/wp-json\/wp\/v2\/users\/3"}],"replies":[{"embeddable":true,"href":"https:\/\/www.actualidadadiario.com\/index.php\/wp-json\/wp\/v2\/comments?post=2548"}],"version-history":[{"count":1,"href":"https:\/\/www.actualidadadiario.com\/index.php\/wp-json\/wp\/v2\/posts\/2548\/revisions"}],"predecessor-version":[{"id":2550,"href":"https:\/\/www.actualidadadiario.com\/index.php\/wp-json\/wp\/v2\/posts\/2548\/revisions\/2550"}],"wp:featuredmedia":[{"embeddable":true,"href":"https:\/\/www.actualidadadiario.com\/index.php\/wp-json\/wp\/v2\/media\/2549"}],"wp:attachment":[{"href":"https:\/\/www.actualidadadiario.com\/index.php\/wp-json\/wp\/v2\/media?parent=2548"}],"wp:term":[{"taxonomy":"category","embeddable":true,"href":"https:\/\/www.actualidadadiario.com\/index.php\/wp-json\/wp\/v2\/categories?post=2548"},{"taxonomy":"post_tag","embeddable":true,"href":"https:\/\/www.actualidadadiario.com\/index.php\/wp-json\/wp\/v2\/tags?post=2548"}],"curies":[{"name":"wp","href":"https:\/\/api.w.org\/{rel}","templated":true}]}}