{"id":2545,"date":"2016-10-13T10:35:59","date_gmt":"2016-10-13T13:35:59","guid":{"rendered":"http:\/\/actualidadadiario.com\/site\/?p=2545"},"modified":"2016-10-13T10:35:59","modified_gmt":"2016-10-13T13:35:59","slug":"bronca-de-taty-almeida-ante-los-abucheos-a-madres-en-la-marcha-por-la-inseguridad","status":"publish","type":"post","link":"https:\/\/www.actualidadadiario.com\/index.php\/2016\/10\/13\/bronca-de-taty-almeida-ante-los-abucheos-a-madres-en-la-marcha-por-la-inseguridad\/","title":{"rendered":"Bronca de Taty Almeida ante los abucheos a Madres en la marcha por la inseguridad"},"content":{"rendered":"<p><em><strong>La titular de Madres de Plaza de Mayo L\u00ednea Fundadora mostr\u00f3 su dolor ante el abucheo que sufri\u00f3 su adhesi\u00f3n a la marcha de familiares de v\u00edctimas de la inseguridad, al se\u00f1alar que &#8220;est\u00e1n abucheando a nuestros hijos&#8221;<\/strong><\/em><\/p>\n<p>&nbsp;<\/p>\n<p>&nbsp;<\/p>\n<p>&nbsp;<\/p>\n<p>Como se sabe, durante la marcha por la inseguridad que bajo el lema #ParaQueNoTePase se llev\u00f3 a cabo el martes, fue abucheada la adhesi\u00f3n de las Madres de Plaza de Mayo.<\/p>\n<p>&nbsp;<\/p>\n<p>Taty Almeida, titular de Madres L\u00ednea Fundadora, se refiri\u00f3 el penoso hecho al se\u00f1alar que &#8220;de la sorpresa, uno pasa a la bronca, porque no est\u00e1n abuche\u00e1ndonos a nosotras: est\u00e1n abucheando a nuestros hijos&#8221;.<\/p>\n","protected":false},"excerpt":{"rendered":"<p>La titular de Madres de Plaza de Mayo L\u00ednea Fundadora mostr\u00f3 su dolor ante el abucheo que sufri\u00f3 su adhesi\u00f3n a la marcha de familiares de v\u00edctimas de la inseguridad, al se\u00f1alar que &#8220;est\u00e1n abucheando a nuestros hijos&#8221; &nbsp; &nbsp; &nbsp; Como se sabe, durante la marcha por la inseguridad que bajo el lema #ParaQueNoTePase se llev\u00f3 a cabo el martes, fue abucheada la adhesi\u00f3n de las Madres de Plaza de Mayo. &nbsp; Taty Almeida, titular de Madres L\u00ednea Fundadora, se refiri\u00f3 el penoso hecho al se\u00f1alar que &#8220;de la&#8230;<\/p>\n","protected":false},"author":3,"featured_media":2546,"comment_status":"closed","ping_status":"closed","sticky":false,"template":"","format":"standard","meta":[],"categories":[4],"tags":[],"_links":{"self":[{"href":"https:\/\/www.actualidadadiario.com\/index.php\/wp-json\/wp\/v2\/posts\/2545"}],"collection":[{"href":"https:\/\/www.actualidadadiario.com\/index.php\/wp-json\/wp\/v2\/posts"}],"about":[{"href":"https:\/\/www.actualidadadiario.com\/index.php\/wp-json\/wp\/v2\/types\/post"}],"author":[{"embeddable":true,"href":"https:\/\/www.actualidadadiario.com\/index.php\/wp-json\/wp\/v2\/users\/3"}],"replies":[{"embeddable":true,"href":"https:\/\/www.actualidadadiario.com\/index.php\/wp-json\/wp\/v2\/comments?post=2545"}],"version-history":[{"count":1,"href":"https:\/\/www.actualidadadiario.com\/index.php\/wp-json\/wp\/v2\/posts\/2545\/revisions"}],"predecessor-version":[{"id":2547,"href":"https:\/\/www.actualidadadiario.com\/index.php\/wp-json\/wp\/v2\/posts\/2545\/revisions\/2547"}],"wp:featuredmedia":[{"embeddable":true,"href":"https:\/\/www.actualidadadiario.com\/index.php\/wp-json\/wp\/v2\/media\/2546"}],"wp:attachment":[{"href":"https:\/\/www.actualidadadiario.com\/index.php\/wp-json\/wp\/v2\/media?parent=2545"}],"wp:term":[{"taxonomy":"category","embeddable":true,"href":"https:\/\/www.actualidadadiario.com\/index.php\/wp-json\/wp\/v2\/categories?post=2545"},{"taxonomy":"post_tag","embeddable":true,"href":"https:\/\/www.actualidadadiario.com\/index.php\/wp-json\/wp\/v2\/tags?post=2545"}],"curies":[{"name":"wp","href":"https:\/\/api.w.org\/{rel}","templated":true}]}}