{"id":25429,"date":"2018-04-03T11:04:35","date_gmt":"2018-04-03T14:04:35","guid":{"rendered":"http:\/\/actualidadadiario.com\/site\/?p=25429"},"modified":"2018-11-06T19:52:19","modified_gmt":"2018-11-06T22:52:19","slug":"semana-clave-en-la-cgt-que-empieza-a-delinear-su-futura-conduccion","status":"publish","type":"post","link":"https:\/\/www.actualidadadiario.com\/index.php\/2018\/04\/03\/semana-clave-en-la-cgt-que-empieza-a-delinear-su-futura-conduccion\/","title":{"rendered":"Semana clave en la CGT, que empieza a delinear su futura conducci\u00f3n"},"content":{"rendered":"<p><em><strong>Un sector postula a Daer, de Sanidad y actual triunviro. Los cr\u00edticos lo emparentan como af\u00edn a la Rosada. Schmid, otro l\u00edder actual, pidi\u00f3 resolver el &#8220;estado de desorden&#8221;<\/strong><\/em><\/p>\n<p>&nbsp;<\/p>\n<p>&nbsp;<\/p>\n<p>&nbsp;<\/p>\n<p>&nbsp;<\/p>\n<p>&nbsp;<\/p>\n<p>De cara a las elecciones de autoridad de mitad de a\u00f1o, la CGT atravesar\u00e1 una semana relevante, ya que el jueves se reunir\u00e1 al Consejo Directivo para poner en marcha de manera oficial ese proceso, mientras se suceden las reuniones sectoriales para posicionarse en la futura conducci\u00f3n que, se presume, ser\u00e1 m\u00e1s cerca al Gobierno nacional.<\/p>\n<p>&nbsp;<\/p>\n<p>El orden del d\u00eda del encuentro de la treintena de secretarios generales que integran la conducci\u00f3n fue convocado para las 14 del jueves en la sede de Azopardo al 800. En el plan sobresalen dos puntos: uno es &#8220;la implementaci\u00f3n de los mecanismos estatutarios al efecto de renovar las actuales autoridades de la CGT&#8221; y el segundo es s\u00f3lo una cuesti\u00f3n formal, al se\u00f1alar que se tratar\u00e1n &#8220;asuntos administrativos&#8221;.<\/p>\n<p>&nbsp;<\/p>\n<p>Un d\u00eda antes, ma\u00f1ana al mediod\u00eda, habr\u00e1 una reuni\u00f3n sectorial del MASA y algunos gremios del transporte en la sede del sindicato de Petroleros que comanda el senador Guillermo Pereyra, donde se delinear\u00e1n reclamos que se llevar\u00e1n a la reuni\u00f3n ampliada del Consejo Directivo. Podr\u00edan participar tambi\u00e9n de este encuentro algunos gremios que hasta ahora miraban desde afuera las reuniones de rearmado de la CGT, como UOM y SMATA.<\/p>\n<p>&nbsp;<\/p>\n<p>Si bien los dirigentes siguen sin hablar de nombres para la jefatura cegetista, de las reuniones reservadas que se realizaron en las \u00faltimas semanas se desprende que estar\u00eda acordado entre los diferentes sectores que los &#8220;gordos&#8221; e &#8220;independientes&#8221;, que se vienen moviendo en bloque y re\u00fanen a la mayor cantidad de congresales, ubicar\u00edan al secretario general, cargo para el que suena con fuerza el actual triunviro H\u00e9ctor Daer, principal referente en la actualidad del gremio de Sanidad.<\/p>\n<p>&nbsp;<\/p>\n<p>Por su parte, los sindicatos del transporte ubicados en los grupos cegetistas de la CATT y el MASA se reunieron la semana pasada para unificar una postura y llevar al resto de los sectores el reclamo para que sea ese sector, clave a la hora de garantizar el \u00e9xito o fracaso de una huelga, el que promueva al secretario adjunto, es decir el n\u00fameros dos de la futura CGT. El l\u00edder de la Uni\u00f3n Ferroviaria, Sergio Sasia, y el de los maquinistas de trenes de La Fraternidad, Omar Maturano, se asoman como los dirigentes para ocupar ese codiciado sill\u00f3n.<\/p>\n<p>&nbsp;<\/p>\n<p>En la futura conducci\u00f3n se acoplar\u00e1n tambi\u00e9n los dirigentes del sector de las 62 Organizaciones Peronistas (Uatre, Gas, Personal Jer\u00e1rquico de AFIP) que no formaban parte de la actual CGT y el desaf\u00edo es llevar adem\u00e1s a sindicatos que a\u00fan dudan, como UOM, Smata y los que se acaban de distanciar del moyanismo, como por ejemplo, Dragado y Balizamiento, Judiciales, Seguro y Cerveceros.<\/p>\n<p>&nbsp;<\/p>\n<p>Como cr\u00edticos de la actual CGT, y de la de los &#8220;gordos&#8221;, que definen como funcional a Casa Rosada, se ubican el dirigente de Camioneros, Pablo Moyano, y el titular de los bancarios, Sergio Palazzo. Ninguno, a\u00fan, cerr\u00f3 su paritaria, por diferencias con la pauta oficial del 15% que se impulsa desde el Ejecutivo y que, cl\u00e1usula de revisi\u00f3n mediante, acordaron gremios como la Uocra, Comercio, Obras Sanitarias y la UTA, entre otros.<\/p>\n<p>&nbsp;<\/p>\n<p>Quien se expres\u00f3 ayer sobre el futuro de la central obrera fue otro de los triunviros actuales, Juan Carlos Schmid. El titular del sindicato de Dragado y Balizamiento asegur\u00f3 que la CGT &#8220;est\u00e1 cruzada por la interna del peronismo&#8221; y que eso la llev\u00f3 a un &#8220;estado de desorden&#8221;. Al mismo tiempo, plante\u00f3 que una vez que se nomine a la nueva conducci\u00f3n se definir\u00e1 si se realiza una nueva medida de fuerza contra el Gobierno. &#8220;En la reuni\u00f3n del jueves comienza un proceso de renovaci\u00f3n en la CGT. El problema no es el triunvirato, sino que los sindicatos deben aceptar las decisiones que se toman&#8221;, apunt\u00f3.<\/p>\n","protected":false},"excerpt":{"rendered":"<p>Un sector postula a Daer, de Sanidad y actual triunviro. Los cr\u00edticos lo emparentan como af\u00edn a la Rosada. Schmid, otro l\u00edder actual, pidi\u00f3 resolver el &#8220;estado de desorden&#8221; &nbsp; &nbsp; &nbsp; &nbsp; &nbsp; De cara a las elecciones de autoridad de mitad de a\u00f1o, la CGT atravesar\u00e1 una semana relevante, ya que el jueves se reunir\u00e1 al Consejo Directivo para poner en marcha de manera oficial ese proceso, mientras se suceden las reuniones sectoriales para posicionarse en la futura conducci\u00f3n que, se presume, ser\u00e1 m\u00e1s cerca al Gobierno nacional&#8230;.<\/p>\n","protected":false},"author":3,"featured_media":25430,"comment_status":"closed","ping_status":"closed","sticky":false,"template":"","format":"standard","meta":[],"categories":[18],"tags":[],"_links":{"self":[{"href":"https:\/\/www.actualidadadiario.com\/index.php\/wp-json\/wp\/v2\/posts\/25429"}],"collection":[{"href":"https:\/\/www.actualidadadiario.com\/index.php\/wp-json\/wp\/v2\/posts"}],"about":[{"href":"https:\/\/www.actualidadadiario.com\/index.php\/wp-json\/wp\/v2\/types\/post"}],"author":[{"embeddable":true,"href":"https:\/\/www.actualidadadiario.com\/index.php\/wp-json\/wp\/v2\/users\/3"}],"replies":[{"embeddable":true,"href":"https:\/\/www.actualidadadiario.com\/index.php\/wp-json\/wp\/v2\/comments?post=25429"}],"version-history":[{"count":1,"href":"https:\/\/www.actualidadadiario.com\/index.php\/wp-json\/wp\/v2\/posts\/25429\/revisions"}],"predecessor-version":[{"id":25431,"href":"https:\/\/www.actualidadadiario.com\/index.php\/wp-json\/wp\/v2\/posts\/25429\/revisions\/25431"}],"wp:featuredmedia":[{"embeddable":true,"href":"https:\/\/www.actualidadadiario.com\/index.php\/wp-json\/wp\/v2\/media\/25430"}],"wp:attachment":[{"href":"https:\/\/www.actualidadadiario.com\/index.php\/wp-json\/wp\/v2\/media?parent=25429"}],"wp:term":[{"taxonomy":"category","embeddable":true,"href":"https:\/\/www.actualidadadiario.com\/index.php\/wp-json\/wp\/v2\/categories?post=25429"},{"taxonomy":"post_tag","embeddable":true,"href":"https:\/\/www.actualidadadiario.com\/index.php\/wp-json\/wp\/v2\/tags?post=25429"}],"curies":[{"name":"wp","href":"https:\/\/api.w.org\/{rel}","templated":true}]}}