{"id":25426,"date":"2018-04-03T11:03:46","date_gmt":"2018-04-03T14:03:46","guid":{"rendered":"http:\/\/actualidadadiario.com\/site\/?p=25426"},"modified":"2018-11-06T19:48:10","modified_gmt":"2018-11-06T22:48:10","slug":"carrio-defendio-el-canje-de-pasajes-y-le-tiro-por-elevacion-al-presidente","status":"publish","type":"post","link":"https:\/\/www.actualidadadiario.com\/index.php\/2018\/04\/03\/carrio-defendio-el-canje-de-pasajes-y-le-tiro-por-elevacion-al-presidente\/","title":{"rendered":"Carri\u00f3 defendi\u00f3 el canje de pasajes y le tir\u00f3 por elevaci\u00f3n al Presidente"},"content":{"rendered":"<p><em><strong>La diputada se quej\u00f3 por lo que cobran los legisladores nacionales. Sobre Macri dijo: &#8220;Viaja en helic\u00f3ptero y aviones privados desde chiquito&#8221;. Luego se disculp\u00f3<\/strong><\/em><\/p>\n<p>&nbsp;<\/p>\n<p>&nbsp;<\/p>\n<p>&nbsp;<\/p>\n<p>&nbsp;<\/p>\n<p>La diputada oficialista Elisa Carri\u00f3 cuestion\u00f3 ayer p\u00fablicamente al presidente Mauricio Macri. Fue por las cr\u00edticas del mandatario al sistema de canje de pasajes por efectivo del que disponen los legisladores nacionales y que le permiti\u00f3 a la chaque\u00f1a agregar $ 355.000 a su salario del a\u00f1o pasado. &#8220;Macri viaja en helic\u00f3ptero, as\u00ed que no tiene problema, desde chiquito&#8221;, lanz\u00f3 la diputada, en respuesta a los cuestionamientos del Presidente al sistema.<\/p>\n<p>&nbsp;<\/p>\n<p>Carri\u00f3 enfatiz\u00f3 que el canje de pasajes a\u00e9reos y terrestres por dinero &#8220;es leg\u00edtimo&#8221;, aunque consider\u00f3 que el sistema de cobro de los legisladores &#8220;es malo&#8221; y resalt\u00f3 que los fondos que ella cambi\u00f3 por pasajes en 2017 y que la ubicaron al tope del ranking de &#8220;canjeadores&#8221; de la C\u00e1mara lo utiliz\u00f3 para &#8220;movilidad&#8221;.<\/p>\n<p>&nbsp;<\/p>\n<p>Fue en una entrevista en Canal 13, en la que al ser consultada sobre si hab\u00eda hablado con el Presidente sobre el tema, afirm\u00f3: &#8220;No. Lo estoy diciendo p\u00fablicamente porque \u00e9l lo dijo p\u00fablicamente&#8221;.<\/p>\n<p>&nbsp;<\/p>\n<p>&#8220;\u00c9l desde chiquito viaja en aviones privados, as\u00ed que no tiene idea de lo que significa ser decente, hacer pol\u00edtica decentemente, tener distribuida una familia por todos lados, sufrir injurias, calumnias, sabiendo que sal\u00eds y al otro d\u00eda gan\u00e1s siete veces m\u00e1s y, eso s\u00ed, te desentend\u00e9s de la Argentina&#8221;, dijo Carri\u00f3. Luego se disculp\u00f3 y aclar\u00f3: &#8220;No creo que el presidente Macri no sea una persona decente&#8221;.<\/p>\n<p>&nbsp;<\/p>\n<p>Adem\u00e1s, Carrio detall\u00f3 que a\u00f1os atr\u00e1s decidi\u00f3 &#8220;pedir la devoluci\u00f3n de todo el dinero&#8221; para asignarlo &#8220;a la movilidad&#8221; suya y de sus asesores y custodios. &#8220;Me parece que es absolutamente legal, el problema es que es un mal sistema implementado por los presidentes de las C\u00e1maras. Si me pagan o no, buscar\u00e9 otro trabajo para pagar la movilidad&#8221;, subray\u00f3 Carri\u00f3.<\/p>\n<p>&nbsp;<\/p>\n<p>Tambi\u00e9n se quej\u00f3 porque los legisladores no cobran antig\u00fcedad, t\u00edtulo ni aguinaldo. &#8220;Yo estoy primera en el ranking porque blanque\u00e9 todo. Todo porque yo no quiero viajar en Aerol\u00edneas. Durante el kirchnerismo yo no pod\u00eda viajar por Aerol\u00edneas porque ten\u00eda riesgo de vida&#8221;, enfatiz\u00f3 Carri\u00f3 y advirti\u00f3: &#8220;Parece que yo fui la \u00fanica, pero fueron todos, salvo cuatro&#8221;.<\/p>\n<p>&nbsp;<\/p>\n<p>Al ser consultada sobre el recorte de los pasajes para legisladores de Buenos Aires y la Ciudad, la diputada se quej\u00f3 porque en ese caso el diputado del Frente para la Victoria M\u00e1ximo Kirchner, elegido por la provincia de Santa Cruz, cobrar\u00eda m\u00e1s que ella.<\/p>\n<p>&nbsp;<\/p>\n<p>&#8220;Yo la resigno, no tengo ning\u00fan problema, pero \u00bfun secretario de juzgado puede ganar el doble que yo? M\u00e1ximo Kirchner va a ganar el doble que yo por desarraigo y pasajes&#8221;, cuestion\u00f3. &#8220;Tengo la conciencia tranquila&#8221;, agreg\u00f3 Carri\u00f3.<\/p>\n<p>&nbsp;<\/p>\n<p>A la vez, asegur\u00f3 que iniciar\u00e1 las gestiones para volver a ejercer la abogac\u00eda y agreg\u00f3: &#8220;El sistema es injusto, yo tendr\u00eda que estar ganando 80% m\u00e1s por antig\u00fcedad, estar\u00eda ganando $ 300.000&#8221;.<\/p>\n<p>&nbsp;<\/p>\n<p>&#8220;Yo tengo que dar cuenta de la casa que me hice, cuando todos tienen cuentas afuera, el presidente de la Corte (Ricardo Lorenzetti) gana $ 380.000 y no paga impuesto a las Ganancias&#8230; Yo pago todo, est\u00e1 todo registrado&#8221;, afirm\u00f3 la diputada.<\/p>\n<p>&nbsp;<\/p>\n<p>En la actualidad, cada legislador nacional tiene 40 pasajes para cambiar por dinero por mes, a raz\u00f3n de 20 tramos a\u00e9reos a $ 1350 cada uno y 20 terrestres a $ 650, de acuerdo con valores actualizados el a\u00f1o pasado, lo que equivale a $ 480.000 al a\u00f1o.<\/p>\n","protected":false},"excerpt":{"rendered":"<p>La diputada se quej\u00f3 por lo que cobran los legisladores nacionales. Sobre Macri dijo: &#8220;Viaja en helic\u00f3ptero y aviones privados desde chiquito&#8221;. Luego se disculp\u00f3 &nbsp; &nbsp; &nbsp; &nbsp; La diputada oficialista Elisa Carri\u00f3 cuestion\u00f3 ayer p\u00fablicamente al presidente Mauricio Macri. Fue por las cr\u00edticas del mandatario al sistema de canje de pasajes por efectivo del que disponen los legisladores nacionales y que le permiti\u00f3 a la chaque\u00f1a agregar $ 355.000 a su salario del a\u00f1o pasado. &#8220;Macri viaja en helic\u00f3ptero, as\u00ed que no tiene problema, desde chiquito&#8221;, lanz\u00f3 la&#8230;<\/p>\n","protected":false},"author":3,"featured_media":25427,"comment_status":"closed","ping_status":"closed","sticky":false,"template":"","format":"standard","meta":[],"categories":[18],"tags":[],"_links":{"self":[{"href":"https:\/\/www.actualidadadiario.com\/index.php\/wp-json\/wp\/v2\/posts\/25426"}],"collection":[{"href":"https:\/\/www.actualidadadiario.com\/index.php\/wp-json\/wp\/v2\/posts"}],"about":[{"href":"https:\/\/www.actualidadadiario.com\/index.php\/wp-json\/wp\/v2\/types\/post"}],"author":[{"embeddable":true,"href":"https:\/\/www.actualidadadiario.com\/index.php\/wp-json\/wp\/v2\/users\/3"}],"replies":[{"embeddable":true,"href":"https:\/\/www.actualidadadiario.com\/index.php\/wp-json\/wp\/v2\/comments?post=25426"}],"version-history":[{"count":1,"href":"https:\/\/www.actualidadadiario.com\/index.php\/wp-json\/wp\/v2\/posts\/25426\/revisions"}],"predecessor-version":[{"id":25428,"href":"https:\/\/www.actualidadadiario.com\/index.php\/wp-json\/wp\/v2\/posts\/25426\/revisions\/25428"}],"wp:featuredmedia":[{"embeddable":true,"href":"https:\/\/www.actualidadadiario.com\/index.php\/wp-json\/wp\/v2\/media\/25427"}],"wp:attachment":[{"href":"https:\/\/www.actualidadadiario.com\/index.php\/wp-json\/wp\/v2\/media?parent=25426"}],"wp:term":[{"taxonomy":"category","embeddable":true,"href":"https:\/\/www.actualidadadiario.com\/index.php\/wp-json\/wp\/v2\/categories?post=25426"},{"taxonomy":"post_tag","embeddable":true,"href":"https:\/\/www.actualidadadiario.com\/index.php\/wp-json\/wp\/v2\/tags?post=25426"}],"curies":[{"name":"wp","href":"https:\/\/api.w.org\/{rel}","templated":true}]}}