{"id":25423,"date":"2018-04-03T11:02:56","date_gmt":"2018-04-03T14:02:56","guid":{"rendered":"http:\/\/actualidadadiario.com\/site\/?p=25423"},"modified":"2018-11-06T19:50:26","modified_gmt":"2018-11-06T22:50:26","slug":"la-guerra-del-indec-renuncio-el-director-tecnico-y-a-su-reemplazo-lo-designaran-pena-y-dujovne","status":"publish","type":"post","link":"https:\/\/www.actualidadadiario.com\/index.php\/2018\/04\/03\/la-guerra-del-indec-renuncio-el-director-tecnico-y-a-su-reemplazo-lo-designaran-pena-y-dujovne\/","title":{"rendered":"La guerra del Indec: renunci\u00f3 el director t\u00e9cnico y a su reemplazo lo designar\u00e1n Pe\u00f1a y Dujovne"},"content":{"rendered":"<p><em><strong>Pese a que al saliente Fernando Cerro lo hab\u00eda nombrado Jorge Todesca, al nuevo funcionario lo elegir\u00e1n a puertas cerradas el jefe de Gabinete y el ministro de Hacienda<\/strong><\/em><\/p>\n<p>&nbsp;<\/p>\n<p>&nbsp;<\/p>\n<p>&nbsp;<\/p>\n<p>&nbsp;<\/p>\n<p>En una medida que deja en la cuerda floja y le resta poder de decisi\u00f3n al titular de Indec, Jorge Todesca, el Poder Ejecutivo decidi\u00f3 que al renunciante director t\u00e9cnico Fernando Cerro lo suplantar\u00e1 alguien que saldr\u00e1 de la reuni\u00f3n que mantendr\u00e1n en las pr\u00f3ximas horas el ministro de Hacienda, Nicol\u00e1s Dujovne, y el jefe de Gabinete, Marcos Pe\u00f1a.<\/p>\n<p>&nbsp;<\/p>\n<p>La movida de la Casa Rosada es otro de los episodios que chocan de frente con la proclama que Cambiemos hizo durante la campa\u00f1a de 2015 y que consisti\u00f3 en prometer independencia para el Instituto Nacional de Estad\u00edstica y Censos, algo que, aseguraban, hab\u00eda sido destrozada por la mano de Guillermo Moreno.<\/p>\n<p>&nbsp;<\/p>\n<p>Los movimientos en el Indec son siempre dram\u00e1ticos y el lugar de la direcci\u00f3n t\u00e9cnica es central para los n\u00fameros y, sobre todo, la forma en la que se trabaja dentro del organismo clave de las estad\u00edsticas nacionales.<\/p>\n<p>&nbsp;<\/p>\n<p>Una de las primeras medidas de Mauricio Macri fue designar a Jorge Todesca al frente del Instituto. En la direcci\u00f3n t\u00e9cnica se opt\u00f3 por una decisi\u00f3n claramente pol\u00edtica y que promet\u00eda algo de autonom\u00eda: restituyeron en el cargo a Graciela Bevacqua, quien hab\u00eda sido una de las puntas de lanza de la pelea entre los t\u00e9cnicos del Indec y Guillermo Moreno en \u00e9pocas del kirchnerismo.<\/p>\n<p>&nbsp;<\/p>\n<p>En 2016, sin embargo, pocos meses despu\u00e9s de haber re-asumido, la funcionaria fue desafectada por Todesca, quien la acus\u00f3 de haber actuado de forma unilateral y haber anunciado los nuevos plazos para los datos de la nueva gesti\u00f3n. En su lugar, el economista design\u00f3 a Fernando Cerro, quien casi dos d\u00e9cadas atr\u00e1s hab\u00eda trabajado en el organismo y habiendo entrado por concurso.<\/p>\n<p>&nbsp;<\/p>\n<p>Pero las llamadas telef\u00f3nicas entre algunos miembros del equipo econ\u00f3mico de Macri fueron centrales durante este fin de semana largo para que Cerro finalmente, este lunes, presentara la renuncia.<\/p>\n<p>&nbsp;<\/p>\n<p>Oficialmente se anunci\u00f3 que la salida de Cerro es debido a motivos de salud, aunque al mismo tiempo trascendi\u00f3 que continuar\u00e1 como asesor del organismo. En su lugar, ser\u00e1 elegido un nombre que saldr\u00e1 del ri\u00f1\u00f3n m\u00e1s duro de Cambiemos, tal como lo decidir\u00e1n en las pr\u00f3ximas horas Dujovne y Pe\u00f1a.<\/p>\n<p>&nbsp;<\/p>\n<p>Solo resta saber cu\u00e1l ser\u00e1 el papel del vapuleado Todesca en los pr\u00f3ximos cap\u00edtulos de la novela del Indec. Tambi\u00e9n, y sobre todo, qu\u00e9 suceder\u00e1 con las directivas en el Instituto oficial con miras a una meta de inflaci\u00f3n anual del 15 por ciento que cada d\u00eda se aleja m\u00e1s de la realidad.<\/p>\n<p>&nbsp;<\/p>\n<p>&nbsp;<\/p>\n<p><strong>Todesca vs. Dujovne<\/strong><\/p>\n<p>El titular del Indec y el ministro de Hacienda se la tienen jurada desde hace tiempo. Hace casi exactamente un a\u00f1o, a fines de mayo de 2017, el Instituto Nacional public\u00f3 sus cifras sobre pobreza en el pa\u00eds y, entre otros datos, se\u00f1al\u00f3 que en la provincia de C\u00f3rdoba, la zona m\u00e1s poblada (Gran C\u00f3rdoba) arrojaba un 40,5 % de pobres. Cuando se dio a conocer la cifra, Dujovne sali\u00f3 al cruce y anunci\u00f3 que se &#8220;revisar\u00eda&#8221; ese dato, algo que Todesca desminti\u00f3 p\u00fablicamente y provoc\u00f3 una grieta que el propio Macri intent\u00f3 hacer cicatrizar pero no lo logr\u00f3.<\/p>\n","protected":false},"excerpt":{"rendered":"<p>Pese a que al saliente Fernando Cerro lo hab\u00eda nombrado Jorge Todesca, al nuevo funcionario lo elegir\u00e1n a puertas cerradas el jefe de Gabinete y el ministro de Hacienda &nbsp; &nbsp; &nbsp; &nbsp; En una medida que deja en la cuerda floja y le resta poder de decisi\u00f3n al titular de Indec, Jorge Todesca, el Poder Ejecutivo decidi\u00f3 que al renunciante director t\u00e9cnico Fernando Cerro lo suplantar\u00e1 alguien que saldr\u00e1 de la reuni\u00f3n que mantendr\u00e1n en las pr\u00f3ximas horas el ministro de Hacienda, Nicol\u00e1s Dujovne, y el jefe de Gabinete,&#8230;<\/p>\n","protected":false},"author":3,"featured_media":25424,"comment_status":"closed","ping_status":"closed","sticky":false,"template":"","format":"standard","meta":[],"categories":[18],"tags":[],"_links":{"self":[{"href":"https:\/\/www.actualidadadiario.com\/index.php\/wp-json\/wp\/v2\/posts\/25423"}],"collection":[{"href":"https:\/\/www.actualidadadiario.com\/index.php\/wp-json\/wp\/v2\/posts"}],"about":[{"href":"https:\/\/www.actualidadadiario.com\/index.php\/wp-json\/wp\/v2\/types\/post"}],"author":[{"embeddable":true,"href":"https:\/\/www.actualidadadiario.com\/index.php\/wp-json\/wp\/v2\/users\/3"}],"replies":[{"embeddable":true,"href":"https:\/\/www.actualidadadiario.com\/index.php\/wp-json\/wp\/v2\/comments?post=25423"}],"version-history":[{"count":1,"href":"https:\/\/www.actualidadadiario.com\/index.php\/wp-json\/wp\/v2\/posts\/25423\/revisions"}],"predecessor-version":[{"id":25425,"href":"https:\/\/www.actualidadadiario.com\/index.php\/wp-json\/wp\/v2\/posts\/25423\/revisions\/25425"}],"wp:featuredmedia":[{"embeddable":true,"href":"https:\/\/www.actualidadadiario.com\/index.php\/wp-json\/wp\/v2\/media\/25424"}],"wp:attachment":[{"href":"https:\/\/www.actualidadadiario.com\/index.php\/wp-json\/wp\/v2\/media?parent=25423"}],"wp:term":[{"taxonomy":"category","embeddable":true,"href":"https:\/\/www.actualidadadiario.com\/index.php\/wp-json\/wp\/v2\/categories?post=25423"},{"taxonomy":"post_tag","embeddable":true,"href":"https:\/\/www.actualidadadiario.com\/index.php\/wp-json\/wp\/v2\/tags?post=25423"}],"curies":[{"name":"wp","href":"https:\/\/api.w.org\/{rel}","templated":true}]}}