{"id":25420,"date":"2018-04-03T11:02:08","date_gmt":"2018-04-03T14:02:08","guid":{"rendered":"http:\/\/actualidadadiario.com\/site\/?p=25420"},"modified":"2018-11-06T19:48:37","modified_gmt":"2018-11-06T22:48:37","slug":"desde-el-campo-tambien-llegan-criticas-a-macri-hay-cada-vez-mas-pobreza-menos-productores","status":"publish","type":"post","link":"https:\/\/www.actualidadadiario.com\/index.php\/2018\/04\/03\/desde-el-campo-tambien-llegan-criticas-a-macri-hay-cada-vez-mas-pobreza-menos-productores\/","title":{"rendered":"Desde el campo tambi\u00e9n llegan cr\u00edticas a Macri: &#8220;Hay cada vez m\u00e1s pobreza, menos productores&#8221;"},"content":{"rendered":"<p><em><strong>El presidente de Coninagro, una de las entidades que conforman la Mesa de Enlace, asegur\u00f3 que la realidad no es como la pinta el Gobierno<\/strong><\/em><\/p>\n<p>&nbsp;<\/p>\n<p>&nbsp;<\/p>\n<p>&nbsp;<\/p>\n<p>&nbsp;<\/p>\n<p>&nbsp;<\/p>\n<p>El dirigente agropecuario mendocino Carlos Iannizotto, presidente de Coninagro, asegur\u00f3 que \u201caunque mejoren los indicadores, en el campo hay m\u00e1s pobreza\u201d.<\/p>\n<p>&nbsp;<\/p>\n<p>Es una de las tantas r\u00e9plicas que recibi\u00f3 el Gobierno luego de la difusi\u00f3n de los datos &#8220;m\u00e1gicos&#8221; por parte del Indec. Pero en este caso llama especialmente la atenci\u00f3n porque proviene del campo, un sector aliado, y del presidente de una de las entidades que conforman la Mesa de Enlace junto a la Sociedad Rural Argentina, la CRA y la Federaci\u00f3n Agraria.<\/p>\n<p>&nbsp;<\/p>\n<p>\u201cLo que vemos es que en el campo hay m\u00e1s pobreza, m\u00e1s campos vac\u00edos y menos productores\u201d, manifest\u00f3 Iannizotto. Seg\u00fan explic\u00f3, \u201ccon cada vez menos chacareros y finqueros hay cada vez menos actividad y m\u00e1s concentraci\u00f3n, y eso sin lugar a dudas es m\u00e1s pobreza porque hay menos fuentes de trabajo\u201d.<\/p>\n<p>&nbsp;<\/p>\n<p>\u201cLas econom\u00edas regionales est\u00e1n mal. No hay pol\u00edticas globales que contribuyan a equilibrar las grandes desigualdades que hay entre producciones que se realizan a grandes distancias de los puertos\u201d, agreg\u00f3 el dirigente, quien mencion\u00f3 el problema de los altos costos que enfrentan productos como arroz, hortalizas, leche, yerba mate, vino y mosto, papas, mandioca y ovinos, entre otros.<\/p>\n","protected":false},"excerpt":{"rendered":"<p>El presidente de Coninagro, una de las entidades que conforman la Mesa de Enlace, asegur\u00f3 que la realidad no es como la pinta el Gobierno &nbsp; &nbsp; &nbsp; &nbsp; &nbsp; El dirigente agropecuario mendocino Carlos Iannizotto, presidente de Coninagro, asegur\u00f3 que \u201caunque mejoren los indicadores, en el campo hay m\u00e1s pobreza\u201d. &nbsp; Es una de las tantas r\u00e9plicas que recibi\u00f3 el Gobierno luego de la difusi\u00f3n de los datos &#8220;m\u00e1gicos&#8221; por parte del Indec. Pero en este caso llama especialmente la atenci\u00f3n porque proviene del campo, un sector aliado, y&#8230;<\/p>\n","protected":false},"author":3,"featured_media":25421,"comment_status":"closed","ping_status":"closed","sticky":false,"template":"","format":"standard","meta":[],"categories":[18],"tags":[],"_links":{"self":[{"href":"https:\/\/www.actualidadadiario.com\/index.php\/wp-json\/wp\/v2\/posts\/25420"}],"collection":[{"href":"https:\/\/www.actualidadadiario.com\/index.php\/wp-json\/wp\/v2\/posts"}],"about":[{"href":"https:\/\/www.actualidadadiario.com\/index.php\/wp-json\/wp\/v2\/types\/post"}],"author":[{"embeddable":true,"href":"https:\/\/www.actualidadadiario.com\/index.php\/wp-json\/wp\/v2\/users\/3"}],"replies":[{"embeddable":true,"href":"https:\/\/www.actualidadadiario.com\/index.php\/wp-json\/wp\/v2\/comments?post=25420"}],"version-history":[{"count":1,"href":"https:\/\/www.actualidadadiario.com\/index.php\/wp-json\/wp\/v2\/posts\/25420\/revisions"}],"predecessor-version":[{"id":25422,"href":"https:\/\/www.actualidadadiario.com\/index.php\/wp-json\/wp\/v2\/posts\/25420\/revisions\/25422"}],"wp:featuredmedia":[{"embeddable":true,"href":"https:\/\/www.actualidadadiario.com\/index.php\/wp-json\/wp\/v2\/media\/25421"}],"wp:attachment":[{"href":"https:\/\/www.actualidadadiario.com\/index.php\/wp-json\/wp\/v2\/media?parent=25420"}],"wp:term":[{"taxonomy":"category","embeddable":true,"href":"https:\/\/www.actualidadadiario.com\/index.php\/wp-json\/wp\/v2\/categories?post=25420"},{"taxonomy":"post_tag","embeddable":true,"href":"https:\/\/www.actualidadadiario.com\/index.php\/wp-json\/wp\/v2\/tags?post=25420"}],"curies":[{"name":"wp","href":"https:\/\/api.w.org\/{rel}","templated":true}]}}