{"id":25408,"date":"2018-04-03T10:58:46","date_gmt":"2018-04-03T13:58:46","guid":{"rendered":"http:\/\/actualidadadiario.com\/site\/?p=25408"},"modified":"2018-11-06T19:47:37","modified_gmt":"2018-11-06T22:47:37","slug":"alerta-por-el-iva-ahora-la-afip-intima-y-puede-sancionar-a-quienes-no-informen","status":"publish","type":"post","link":"https:\/\/www.actualidadadiario.com\/index.php\/2018\/04\/03\/alerta-por-el-iva-ahora-la-afip-intima-y-puede-sancionar-a-quienes-no-informen\/","title":{"rendered":"Alerta por el IVA: ahora la AFIP intima y puede sancionar a quienes no informen"},"content":{"rendered":"<p><em><strong>La AFIP\u00a0 est\u00e1 intimando a contribuyentes por las presentaciones del R\u00e9gimen Informativo de Compras y Ventas en el IVA que est\u00e1 vigente desde 2015, cuando reemplaz\u00f3 al conocido como CITI Compras y Ventas<\/strong><\/em><\/p>\n<p>&nbsp;<\/p>\n<p>&nbsp;<\/p>\n<p>&nbsp;<\/p>\n<p>&nbsp;<\/p>\n<p>&nbsp;<\/p>\n<p>Si bien la AFIP manifest\u00f3 en reiteradas oportunidades que la falta de presentaci\u00f3n generar\u00eda sanciones nunca las aplic\u00f3 y hasta ahora no intimaba la realizaci\u00f3n del tr\u00e1mite.<\/p>\n<p>&nbsp;<\/p>\n<p>Sin embargo, comenz\u00f3 a intimar los per\u00edodos fiscales mensuales de enero a diciembre de 2015. Y, posteriormente, lo estar\u00e1 ampliando a los per\u00edodos siguientes, indic\u00f3 Sebasti\u00e1n Dom\u00ednguez, del estudio SD Consulting.<\/p>\n<p>&nbsp;<\/p>\n<p>En la intimaci\u00f3n, la AFIP otorga 15 d\u00edas de plazo para cumplir con la obligaci\u00f3n. Esos 15 d\u00edas son h\u00e1biles administrativos.<\/p>\n<p>&nbsp;<\/p>\n<p>Dom\u00ednguez recomend\u00f3 realizar las presentaciones en el plazo intimado ya que la Ley de Procedimiento Fiscal establece una sanci\u00f3n agravada para los casos donde los contribuyentes no cumplan con las presentaciones de los reg\u00edmenes de informaci\u00f3n en el plazo de la intimaci\u00f3n. Las multas pueden graduarse entre $ 500 y $ 45.000 atendiendo a la calidad del contribuyente y la gravedad de la infracci\u00f3n.<\/p>\n<p>&nbsp;<\/p>\n<p>&nbsp;<\/p>\n<p><strong>Deben cumplir con el R\u00e9gimen Informativo de Compras y Ventas:<\/strong><\/p>\n<p>&#8211; Sujetos designados a tal efecto por la AFIP.<\/p>\n<p>&nbsp;<\/p>\n<p>&#8211; Alcanzados por el r\u00e9gimen de factura electr\u00f3nica, excepto los monotributistas .<\/p>\n<p>&nbsp;<\/p>\n<p>&#8211; Inscriptos en el IVA a partir del 1 de enero de 2014.<\/p>\n<p>&nbsp;<\/p>\n<p>&#8211; Inscriptos en el IVA y que a al 1\u00b4 de enero de 2015 se encuentren alcanzados por el R\u00e9gimen de Almacenamiento Electr\u00f3nico de Registraciones.<\/p>\n<p>&nbsp;<\/p>\n<p>Estos sujetos est\u00e1n obligados a informar las siguientes operaciones, sean o no generadoras de cr\u00e9dito o d\u00e9bito fiscal en el IVA:<\/p>\n<p>&nbsp;<\/p>\n<p>&#8211; Compras, locaciones o prestaciones recibidas e importaciones definitivas de bienes y servicios<\/p>\n<p>&nbsp;<\/p>\n<p>&#8211; Descuentos y bonificaciones recibidos, quitas, devoluciones y rescisiones obtenidas que se documenten en forma independiente de las compras.<\/p>\n<p>&nbsp;<\/p>\n<p>&#8211; Ventas, locaciones o prestaciones realizadas, exportaciones definitivas de bienes y servicios.<\/p>\n<p>&nbsp;<\/p>\n<p>&#8211; Descuentos y bonificaciones otorgados, quitas, devoluciones y rescisiones efectuadas, que se documenten en forma independiente de las ventas.<\/p>\n<p>&nbsp;<\/p>\n<p>Tambi\u00e9n deber\u00e1n incluirse todas las operaciones que resulten generadoras de d\u00e9bito\/cr\u00e9dito fiscal que se incluya en la declaraci\u00f3n jurada del IVA del per\u00edodo que se informa.<\/p>\n","protected":false},"excerpt":{"rendered":"<p>La AFIP\u00a0 est\u00e1 intimando a contribuyentes por las presentaciones del R\u00e9gimen Informativo de Compras y Ventas en el IVA que est\u00e1 vigente desde 2015, cuando reemplaz\u00f3 al conocido como CITI Compras y Ventas &nbsp; &nbsp; &nbsp; &nbsp; &nbsp; Si bien la AFIP manifest\u00f3 en reiteradas oportunidades que la falta de presentaci\u00f3n generar\u00eda sanciones nunca las aplic\u00f3 y hasta ahora no intimaba la realizaci\u00f3n del tr\u00e1mite. &nbsp; Sin embargo, comenz\u00f3 a intimar los per\u00edodos fiscales mensuales de enero a diciembre de 2015. Y, posteriormente, lo estar\u00e1 ampliando a los per\u00edodos siguientes,&#8230;<\/p>\n","protected":false},"author":3,"featured_media":25409,"comment_status":"closed","ping_status":"closed","sticky":false,"template":"","format":"standard","meta":[],"categories":[2],"tags":[],"_links":{"self":[{"href":"https:\/\/www.actualidadadiario.com\/index.php\/wp-json\/wp\/v2\/posts\/25408"}],"collection":[{"href":"https:\/\/www.actualidadadiario.com\/index.php\/wp-json\/wp\/v2\/posts"}],"about":[{"href":"https:\/\/www.actualidadadiario.com\/index.php\/wp-json\/wp\/v2\/types\/post"}],"author":[{"embeddable":true,"href":"https:\/\/www.actualidadadiario.com\/index.php\/wp-json\/wp\/v2\/users\/3"}],"replies":[{"embeddable":true,"href":"https:\/\/www.actualidadadiario.com\/index.php\/wp-json\/wp\/v2\/comments?post=25408"}],"version-history":[{"count":1,"href":"https:\/\/www.actualidadadiario.com\/index.php\/wp-json\/wp\/v2\/posts\/25408\/revisions"}],"predecessor-version":[{"id":25410,"href":"https:\/\/www.actualidadadiario.com\/index.php\/wp-json\/wp\/v2\/posts\/25408\/revisions\/25410"}],"wp:featuredmedia":[{"embeddable":true,"href":"https:\/\/www.actualidadadiario.com\/index.php\/wp-json\/wp\/v2\/media\/25409"}],"wp:attachment":[{"href":"https:\/\/www.actualidadadiario.com\/index.php\/wp-json\/wp\/v2\/media?parent=25408"}],"wp:term":[{"taxonomy":"category","embeddable":true,"href":"https:\/\/www.actualidadadiario.com\/index.php\/wp-json\/wp\/v2\/categories?post=25408"},{"taxonomy":"post_tag","embeddable":true,"href":"https:\/\/www.actualidadadiario.com\/index.php\/wp-json\/wp\/v2\/tags?post=25408"}],"curies":[{"name":"wp","href":"https:\/\/api.w.org\/{rel}","templated":true}]}}