{"id":25396,"date":"2018-04-03T10:55:13","date_gmt":"2018-04-03T13:55:13","guid":{"rendered":"http:\/\/actualidadadiario.com\/site\/?p=25396"},"modified":"2018-11-06T19:50:07","modified_gmt":"2018-11-06T22:50:07","slug":"hoy-vuelven-a-reunirse-en-paritaria-el-gobierno-y-los-sindicatos-de-estatales","status":"publish","type":"post","link":"https:\/\/www.actualidadadiario.com\/index.php\/2018\/04\/03\/hoy-vuelven-a-reunirse-en-paritaria-el-gobierno-y-los-sindicatos-de-estatales\/","title":{"rendered":"Hoy vuelven a reunirse en paritaria el Gobierno y los sindicatos de estatales"},"content":{"rendered":"<p><em><strong>El encuentro ser\u00e1 en la Secretar\u00eda de Trabajo a las 17. El Gobierno provincial la semana pasada ofreci\u00f3 una suba del 15 por ciento, pero esta vez en dos tramos en lugar de tres lo que fue rechazado por los sindicatos ATE y UPCN<\/strong><\/em><\/p>\n<p>&nbsp;<\/p>\n<p>&nbsp;<\/p>\n<p>&nbsp;<\/p>\n<p>&nbsp;<\/p>\n<p>El pasado martes 27 de marzo se realiz\u00f3 un nuevo encuentro entre autoridades del Gobierno provincial y representantes de los gremios ATE y UPCN, en el marco de la paritaria salarial estatal.<\/p>\n<p>&nbsp;<\/p>\n<p>La propuesta del Gobierno fue similar a la presentada en la reuni\u00f3n anterior: un 15 por ciento, pero esta vez en dos tramos -en lugar de tres-: un ocho por ciento desde el mes de marzo, m\u00e1s un siete por ciento a partir del mes de agosto, fijando un salario m\u00ednimo de 13.000 pesos de bolsillo. Adem\u00e1s, incluye una cl\u00e1usula de revisi\u00f3n, que se activar\u00e1 en caso de que la inflaci\u00f3n supere el 15 por ciento estimado.<\/p>\n<p>&nbsp;<\/p>\n<p>ATE rechaz\u00f3 la oferta y demand\u00f3 a los funcionarios que presenten \u201csin m\u00e1s dilaciones una propuesta superadora y que rompa con el 15 por ciento\u201d.\u00a0 \u201cTenemos mandato de las bases de rechazar esta oferta\u201d, dijo el secretario general, Oscar Muntes.<\/p>\n<p>&nbsp;<\/p>\n<p>Tambi\u00e9n explic\u00f3 que el sindicato \u201cjam\u00e1s pidi\u00f3 la modificaci\u00f3n decreto 97\/18, como dijo el gobierno, sino que lisa y llanamente su derogaci\u00f3n\u201d, por tal sentido ratific\u00f3 que \u201ccontinuaremos esta disputa pero en sede judicial\u201d.<\/p>\n<p>&nbsp;<\/p>\n<p>Consider\u00f3 \u201cpoco seria\u201d la oferta del 15 por ciento y la compar\u00f3 con municipios como Concordia o Uruguay \u201cque le ofrecen a sus trabajadores un 22 y 21 por ciento, respectivamente\u201d.<\/p>\n<p>&nbsp;<\/p>\n<p>El Consejo Directivo Provincial hab\u00eda convocado para el 4 de abril a los secretarios generales con la esperanza de tener una propuesta para debatir, pero \u201ccomo lo que hoy nos present\u00f3 el gobierno sigue el mismo rumbo de lo que venimos rechazando, lo que vamos a discutir en ese plenario es otro tipo de acciones\u201d, sostuvo.<\/p>\n<p>&nbsp;<\/p>\n<p>Finalmente el titular de ATE dijo: \u201cQueremos que el gobierno haga una propuesta superadora y por esto queremos decir que rompa el 15 por ciento, tienen que entender tanto el gobernador como sus funcionarios que esta propuesta que traen deja muy abajo los salarios de los trabajadores, principalmente de quienes menos cobran\u201d.<\/p>\n<p>&nbsp;<\/p>\n<p>Por \u00faltimo los paritarios sindicales le hicieron saber a sus pares del gobierno que es responsabilidad del Ejecutivo provincial la dilaci\u00f3n que est\u00e1 tomando esta discusi\u00f3n, la que \u201cen los hechos hace que el primer aumento del a\u00f1o 2018 no llegar\u00e1 con la liquidaci\u00f3n del mes marzo, postergando la misma por lo menos un mes m\u00e1s, exponiendo los salarios de los trabajadores a una nueva erosi\u00f3n de los mismos a causa de la inflaci\u00f3n que no cede y que golpea con m\u00e1s fuerza en los productos de primera necesidad y de subsistencia\u201d, indic\u00f3 el gremio.<\/p>\n<p>&nbsp;<\/p>\n<p>&nbsp;<\/p>\n<p><strong>Pases a planta y pago de contratos de obra<\/strong><\/p>\n<p>Desde ATE\u00a0 se volvi\u00f3 a reclamar celeridad en lo que refiere a los pases a planta permanente y a estabilidad, expresando una gran preocupaci\u00f3n que tenemos ante informaciones que nos hacen llegar los compa\u00f1eros que insisten que en algunas reparticiones no se estar\u00eda respetando instructivo, cosa que va tomando credibilidad en la medida que cada vez vemos m\u00e1s entorpecido y obstaculizado el acceso de los gremios a los expedientes.<\/p>\n<p>&nbsp;<\/p>\n<p>A su vez el paritario de ATE, V\u00edctor\u00a0 Sartori plante\u00f3 \u201cque es inhumano que los contratados de obra sigan sin cobrar y el gobierno no ha dado ni una sola propuesta del plan de regularizaci\u00f3n\u201d, no recibiendo ninguna respuesta ni plan frente a estos planteos de parte de los representantes del gobierno, lo que nos lleva a pensar que no les interesa ni tienen en cuenta este planteo que es muy importante para los trabajadores que esperan una soluci\u00f3n a sus problem\u00e1ticas.<\/p>\n<p>&nbsp;<\/p>\n<p>En tanto, se paut\u00f3 un nuevo encuentro para el martes pr\u00f3ximo, 3 de abril a las 17.<\/p>\n<p>&nbsp;<\/p>\n<p>Previamente, trabajadores nucleados en ATE marcharon hasta la Secretar\u00eda de Trabajo \u2013donde se desarroll\u00f3 la reuni\u00f3n paritaria\u2013 y realizaron una protesta.<\/p>\n","protected":false},"excerpt":{"rendered":"<p>El encuentro ser\u00e1 en la Secretar\u00eda de Trabajo a las 17. El Gobierno provincial la semana pasada ofreci\u00f3 una suba del 15 por ciento, pero esta vez en dos tramos en lugar de tres lo que fue rechazado por los sindicatos ATE y UPCN &nbsp; &nbsp; &nbsp; &nbsp; El pasado martes 27 de marzo se realiz\u00f3 un nuevo encuentro entre autoridades del Gobierno provincial y representantes de los gremios ATE y UPCN, en el marco de la paritaria salarial estatal. &nbsp; La propuesta del Gobierno fue similar a la presentada&#8230;<\/p>\n","protected":false},"author":3,"featured_media":25397,"comment_status":"closed","ping_status":"closed","sticky":false,"template":"","format":"standard","meta":[],"categories":[15],"tags":[],"_links":{"self":[{"href":"https:\/\/www.actualidadadiario.com\/index.php\/wp-json\/wp\/v2\/posts\/25396"}],"collection":[{"href":"https:\/\/www.actualidadadiario.com\/index.php\/wp-json\/wp\/v2\/posts"}],"about":[{"href":"https:\/\/www.actualidadadiario.com\/index.php\/wp-json\/wp\/v2\/types\/post"}],"author":[{"embeddable":true,"href":"https:\/\/www.actualidadadiario.com\/index.php\/wp-json\/wp\/v2\/users\/3"}],"replies":[{"embeddable":true,"href":"https:\/\/www.actualidadadiario.com\/index.php\/wp-json\/wp\/v2\/comments?post=25396"}],"version-history":[{"count":1,"href":"https:\/\/www.actualidadadiario.com\/index.php\/wp-json\/wp\/v2\/posts\/25396\/revisions"}],"predecessor-version":[{"id":25398,"href":"https:\/\/www.actualidadadiario.com\/index.php\/wp-json\/wp\/v2\/posts\/25396\/revisions\/25398"}],"wp:featuredmedia":[{"embeddable":true,"href":"https:\/\/www.actualidadadiario.com\/index.php\/wp-json\/wp\/v2\/media\/25397"}],"wp:attachment":[{"href":"https:\/\/www.actualidadadiario.com\/index.php\/wp-json\/wp\/v2\/media?parent=25396"}],"wp:term":[{"taxonomy":"category","embeddable":true,"href":"https:\/\/www.actualidadadiario.com\/index.php\/wp-json\/wp\/v2\/categories?post=25396"},{"taxonomy":"post_tag","embeddable":true,"href":"https:\/\/www.actualidadadiario.com\/index.php\/wp-json\/wp\/v2\/tags?post=25396"}],"curies":[{"name":"wp","href":"https:\/\/api.w.org\/{rel}","templated":true}]}}