{"id":25393,"date":"2018-04-03T10:54:20","date_gmt":"2018-04-03T13:54:20","guid":{"rendered":"http:\/\/actualidadadiario.com\/site\/?p=25393"},"modified":"2018-11-06T19:51:59","modified_gmt":"2018-11-06T22:51:59","slug":"reclaman-que-los-aumentos-de-energia-electrica-sean-declarados-inconstitucionales","status":"publish","type":"post","link":"https:\/\/www.actualidadadiario.com\/index.php\/2018\/04\/03\/reclaman-que-los-aumentos-de-energia-electrica-sean-declarados-inconstitucionales\/","title":{"rendered":"Reclaman que los aumentos de energ\u00eda el\u00e9ctrica sean declarados inconstitucionales"},"content":{"rendered":"<p><em><strong>Mucho se habl\u00f3 de los aumentos de energ\u00eda el\u00e9ctrica, siendo Concordia la ciudad con m\u00e1s movilizaciones al respecto. Ahora es el caso de Gualeguaych\u00fa donde los primeros en poner la queja en agenda fueron los integrantes de la Caja de Jubilados Municipales. Aseguraron que muchos no pueden afrontar las subas en la tarifa de la energ\u00eda el\u00e9ctrica, por lo que piden cr\u00e9ditos a la Caja o se debaten entre \u201cpagar la luz y comer\u201d<\/strong><\/em><\/p>\n<p>&nbsp;<\/p>\n<p>&nbsp;<\/p>\n<p>&nbsp;<\/p>\n<p>&nbsp;<\/p>\n<p>&nbsp;<\/p>\n<p>Adem\u00e1s, destacaron que el acceso a este servicio es un Derecho Humano, por lo que incentivaron a los interesados, a sumar ideas para buscar soluciones conjuntas.<\/p>\n<p>&nbsp;<\/p>\n<p>En tanto, otras localidades tambi\u00e9n se hicieron eco de los \u00faltimos aumentos y hasta llegaron a judicializarlo. En este sentido, el Superior Tribunal de Justicia rechaz\u00f3 dos amparos colectivos que expon\u00edan que el incremento en el precio de la energ\u00eda hab\u00eda sido aplicado \u201csin notificaci\u00f3n previa por parte de las distribuidoras\u201d.<\/p>\n<p>&nbsp;<\/p>\n<p>Ahora, la Asociaci\u00f3n de Defensa de Consumidores Entrerrianos (Adecen), promover\u00e1 acciones de inconstitucionalidad contra la medida.<\/p>\n<p>&nbsp;<\/p>\n<p>\u201cEstamos trabajando en la elaboraci\u00f3n de acciones de inconstitucionalidad tanto a nivel provincial como de la Justicia Federal; discutiendo los incrementos en el mercado mayorista y tambi\u00e9n la forma, la proporci\u00f3n y el mecanismos o el procedimiento seguido en el \u00e1mbito local para aumentar el Valor Agregado de Distribuci\u00f3n (VAD)\u201d, inform\u00f3 el abogado de la entidad, Ra\u00fal Mu\u00f1oz.<\/p>\n<p>&nbsp;<\/p>\n<p>Las demandas hicieron foco en la falta de la debida notificaci\u00f3n. Si bien hubo casos de ciudadanos en Concordia que lograron fallos favorables mediante amparos individuales, las posteriores sentencias del Superior Tribunal de Justicia, fueron adversas a los amparos colectivos promovidos contra Enersa y contra las diferentes Cooperativas El\u00e9ctricas.<\/p>\n<p>&nbsp;<\/p>\n<p>El abogado Ra\u00fal Mu\u00f1oz, opin\u00f3 que \u201cel fallo que rechaza el amparo contra Enersa fue producto de una conclusi\u00f3n equivocada\u201d y lo calific\u00f3 como el resultado de \u201cla no apreciaci\u00f3n del sistema jur\u00eddico y de la omisi\u00f3n pasmosa del principio de protector\u00eda del consumidor\u201d.<\/p>\n<p>&nbsp;<\/p>\n<p>\u201cSe le ha querido dar al problema una soluci\u00f3n m\u00e1s pol\u00edtica que jur\u00eddica, pretendiendo apagar este problema que reci\u00e9n empieza para nosotros\u201d, manifest\u00f3 el letrado a la agencia AIM.<\/p>\n<p>&nbsp;<\/p>\n<p>&nbsp;<\/p>\n<p><strong>La posibilidad de recurrir a la Corte Suprema<\/strong><\/p>\n<p>Desde la Asociaci\u00f3n de Defensa de Consumidores Entrerrianos no descartaron una posible apelaci\u00f3n ante la Corte Suprema de Justicia de la naci\u00f3n. Al respecto, Mu\u00f1oz dijo que una acci\u00f3n de estas caracter\u00edsticas implicar\u00eda tiempos demasiado extensos: \u201cEstamos viendo qu\u00e9 es m\u00e1s conveniente para una soluci\u00f3n, teniendo en cuenta que hoy para nosotros ya se agot\u00f3 la posibilidad de buscar una resoluci\u00f3n r\u00e1pida\u201d, e indic\u00f3 que recurrir a la Corte Suprema implicar\u00eda una dilataci\u00f3n del conflicto de por lo menos seis meses o un a\u00f1o.<\/p>\n<p>&nbsp;<\/p>\n<p>En ese marco, afirm\u00f3 que apuestan a buscar otra soluci\u00f3n que surta efecto inmediato y remarc\u00f3 que trabajan en la elaboraci\u00f3n de acciones de inconstitucionalidad.<\/p>\n<p>&nbsp;<\/p>\n<p>\u201cAc\u00e1 vamos a discutir el fondo, la proporcionalidad por un lado, y el procedimiento que se utiliz\u00f3 para el Valor Agregado de Distribuci\u00f3n. En la Justicia vamos a evaluar la proporcionalidad del aumento en el mercado mayorista\u201d, explic\u00f3 Mu\u00f1oz.<\/p>\n<p>&nbsp;<\/p>\n<p>El letrado aclar\u00f3 que, si bien hay acciones similares impulsadas en otras regiones, el objetivo de una medida de este tipo estar\u00e1 restringido a Entre R\u00edos, ya que \u201cel tratamiento tarifario del costo mayorista es diferente en cada provincia. En Corrientes o en Misiones incide de manera diferente que en Entre R\u00edos, pero por el componente impositivo, que es otro de los grandes problemas de la tarifa el\u00e9ctrica\u201d.<\/p>\n<p>&nbsp;<\/p>\n<p>&nbsp;<\/p>\n<p><strong>El tema en el Congreso<\/strong><\/p>\n<p>En la C\u00e1mara de Senadores de la provincia se avanz\u00f3 con media sanci\u00f3n para solicitar al Poder Ejecutivo nacional \u201cla pronta disminuci\u00f3n del costo del megavatio\u201d.<\/p>\n<p>&nbsp;<\/p>\n<p>\u201cS\u00f3lo en el \u00faltimo bimestre el aumento fue del 68 por ciento\u201d, remarc\u00f3 el senador entrerriano, \u00c1ngel Giano, quien dio cuenta que en diversas localidades la gente se ha organizado en asambleas para reclamar por un aumento al que calific\u00f3 de \u201cexcesivo\u201d.<\/p>\n<p>&nbsp;<\/p>\n<p>Asimismo, el aumento en el costo de la energ\u00eda afecta a las distribuidoras entrerrianas. \u201cHoy, la empresa Enersa y las cooperativas el\u00e9ctricas de la provincia tienen que pagar un costo de 1070 pesos el megavatio hora, cuando en enero del 2014 se pagaba a 90 pesos y en diciembre 2015, 107\u201d, detall\u00f3 al respecto.<\/p>\n","protected":false},"excerpt":{"rendered":"<p>Mucho se habl\u00f3 de los aumentos de energ\u00eda el\u00e9ctrica, siendo Concordia la ciudad con m\u00e1s movilizaciones al respecto. Ahora es el caso de Gualeguaych\u00fa donde los primeros en poner la queja en agenda fueron los integrantes de la Caja de Jubilados Municipales. Aseguraron que muchos no pueden afrontar las subas en la tarifa de la energ\u00eda el\u00e9ctrica, por lo que piden cr\u00e9ditos a la Caja o se debaten entre \u201cpagar la luz y comer\u201d &nbsp; &nbsp; &nbsp; &nbsp; &nbsp; Adem\u00e1s, destacaron que el acceso a este servicio es un Derecho&#8230;<\/p>\n","protected":false},"author":3,"featured_media":25394,"comment_status":"closed","ping_status":"closed","sticky":false,"template":"","format":"standard","meta":[],"categories":[15],"tags":[],"_links":{"self":[{"href":"https:\/\/www.actualidadadiario.com\/index.php\/wp-json\/wp\/v2\/posts\/25393"}],"collection":[{"href":"https:\/\/www.actualidadadiario.com\/index.php\/wp-json\/wp\/v2\/posts"}],"about":[{"href":"https:\/\/www.actualidadadiario.com\/index.php\/wp-json\/wp\/v2\/types\/post"}],"author":[{"embeddable":true,"href":"https:\/\/www.actualidadadiario.com\/index.php\/wp-json\/wp\/v2\/users\/3"}],"replies":[{"embeddable":true,"href":"https:\/\/www.actualidadadiario.com\/index.php\/wp-json\/wp\/v2\/comments?post=25393"}],"version-history":[{"count":1,"href":"https:\/\/www.actualidadadiario.com\/index.php\/wp-json\/wp\/v2\/posts\/25393\/revisions"}],"predecessor-version":[{"id":25395,"href":"https:\/\/www.actualidadadiario.com\/index.php\/wp-json\/wp\/v2\/posts\/25393\/revisions\/25395"}],"wp:featuredmedia":[{"embeddable":true,"href":"https:\/\/www.actualidadadiario.com\/index.php\/wp-json\/wp\/v2\/media\/25394"}],"wp:attachment":[{"href":"https:\/\/www.actualidadadiario.com\/index.php\/wp-json\/wp\/v2\/media?parent=25393"}],"wp:term":[{"taxonomy":"category","embeddable":true,"href":"https:\/\/www.actualidadadiario.com\/index.php\/wp-json\/wp\/v2\/categories?post=25393"},{"taxonomy":"post_tag","embeddable":true,"href":"https:\/\/www.actualidadadiario.com\/index.php\/wp-json\/wp\/v2\/tags?post=25393"}],"curies":[{"name":"wp","href":"https:\/\/api.w.org\/{rel}","templated":true}]}}