{"id":25387,"date":"2018-04-03T10:52:39","date_gmt":"2018-04-03T13:52:39","guid":{"rendered":"http:\/\/actualidadadiario.com\/site\/?p=25387"},"modified":"2018-11-06T19:48:18","modified_gmt":"2018-11-06T22:48:18","slug":"con-la-libreta-de-trabajo-del-personal-de-casas-particulares-ha-aumentado-la-regularizacion-laboral","status":"publish","type":"post","link":"https:\/\/www.actualidadadiario.com\/index.php\/2018\/04\/03\/con-la-libreta-de-trabajo-del-personal-de-casas-particulares-ha-aumentado-la-regularizacion-laboral\/","title":{"rendered":"Con la libreta de trabajo del personal de casas particulares ha aumentado la regularizaci\u00f3n laboral"},"content":{"rendered":"<p><em><strong>A partir de la implementaci\u00f3n de la libreta de trabajo para el personal de casas particulares, ha aumento la regularizaci\u00f3n laboral del sector, seg\u00fan lo informado por la Secretar\u00eda de Trabajo. Este martes 3 se celebra el D\u00eda de los Trabajadores de Casas Particulares y es no laborable<\/strong><\/em><\/p>\n<p>&nbsp;<\/p>\n<p>&nbsp;<\/p>\n<p>&nbsp;<\/p>\n<p>&nbsp;<\/p>\n<p>&nbsp;<\/p>\n<p>&nbsp;<\/p>\n<p>El \u00e1rea laboral busca promover los derechos del sector y la formalizaci\u00f3n de la relaci\u00f3n laboral entre los empleados y sus empleadores, por el trabajo que prestan en el \u00e1mbito de la vida familiar, a trav\u00e9s de la entrega de la libreta reglamentaria.<\/p>\n<p>&nbsp;<\/p>\n<p>En este sentido, se ha informado que la entrega de las libretas de trabajo para empleadas de casas particulares, que rige desde el a\u00f1o pasado, ha aumentado la formalizaci\u00f3n de los trabajadores\/as, a trav\u00e9s del empadronamiento obligatorio.<\/p>\n<p>&nbsp;<\/p>\n<p>Las libretas de trabajo deben ser retiradas por todos los trabajadores que presten servicios en el \u00e1mbito dom\u00e9stico para facilitar la fiscalizaci\u00f3n y acceso a los derechos que establece el r\u00e9gimen laboral. \u201cEl objetivo de la libreta de trabajo es promover el acceso equitativo de los trabajadores\/as de casas de familia al mundo del trabajo formal, especialmente de los sectores m\u00e1s vulnerables; mejorar sus condiciones de empleabilidad\u201d, coment\u00f3 el titular del \u00e1rea, Oscar Balla.<\/p>\n<p>&nbsp;<\/p>\n<p>Se trata de es un registro que se expide de manera gratuita y sirve como documento probatorio del contrato laboral y herramienta educativa. Al respecto, Balla explic\u00f3 que \u201cla Ley N\u00b026.844 establece que todos los empleados deben contar con este instrumento, porque es la prueba del contrato de trabajo y cuenta con los datos m\u00e1s relevantes del empleado y su empleador, por lo cual le sirve ambas partes\u201d.<\/p>\n<p>&nbsp;<\/p>\n<p>&nbsp;<\/p>\n<p><strong>Documentaci\u00f3n necesaria para retirar la libreta<\/strong><\/p>\n<p>Para adquirir la libreta el trabajador debe acercarse a la sede de la Secretar\u00eda de Trabajo o a las delegaciones departamentales, con la siguiente documentaci\u00f3n: DNI, fotocopia del DNI, foto 4&#215;4, certificado de aptitud f\u00edsica, certificado de buena conducta, recibo de sueldo o alta de Afip.<\/p>\n<p>&nbsp;<\/p>\n<p>&nbsp;<\/p>\n<p><strong>\u00bfQu\u00e9 es el r\u00e9gimen de trabajadores de casas particulares?<\/strong><\/p>\n<p>Es la manera de formalizar el trabajo de quienes realizan tareas de limpieza, jardiner\u00eda, cuidado de personas y otro tipo de trabajos dom\u00e9sticos.<\/p>\n<p>&nbsp;<\/p>\n<p>Como empleador, se puede deducir del impuesto a las ganancias lo que pagues como sueldo y contribuciones de seguridad social (obra social, jubilaci\u00f3n, etc.).<\/p>\n<p>&nbsp;<\/p>\n<p>Como trabajador, se puede acceder a cobertura de obra social, jubilaci\u00f3n, vacaciones, aguinaldo y ART.<\/p>\n<p>El 3 de abril es d\u00eda no laborable para el personal de casas particulares<\/p>\n<p>&nbsp;<\/p>\n<p>Ante la proximidad del D\u00eda del Personal de Casas Particulares, el martes 3 de abril, desde el \u00e1rea laboral se recuerda que es considerado d\u00eda no laborable para el sector, por lo que en el caso que tengan que trabajar, el salario de ese d\u00eda ser\u00e1 abonado doble.<\/p>\n<p>&nbsp;<\/p>\n<p>\u201cSaludamos a todos los trabajadores que celebrar\u00e1n un d\u00eda reivindicativo, porque se recuerda la promulgaci\u00f3n de la Ley 26.844 que establece el r\u00e9gimen especial de contrato de trabajo para los empleados de casas particulares\u201d, remarc\u00f3 Balla.<\/p>\n","protected":false},"excerpt":{"rendered":"<p>A partir de la implementaci\u00f3n de la libreta de trabajo para el personal de casas particulares, ha aumento la regularizaci\u00f3n laboral del sector, seg\u00fan lo informado por la Secretar\u00eda de Trabajo. Este martes 3 se celebra el D\u00eda de los Trabajadores de Casas Particulares y es no laborable &nbsp; &nbsp; &nbsp; &nbsp; &nbsp; &nbsp; El \u00e1rea laboral busca promover los derechos del sector y la formalizaci\u00f3n de la relaci\u00f3n laboral entre los empleados y sus empleadores, por el trabajo que prestan en el \u00e1mbito de la vida familiar, a trav\u00e9s&#8230;<\/p>\n","protected":false},"author":3,"featured_media":25388,"comment_status":"closed","ping_status":"closed","sticky":false,"template":"","format":"standard","meta":[],"categories":[15],"tags":[],"_links":{"self":[{"href":"https:\/\/www.actualidadadiario.com\/index.php\/wp-json\/wp\/v2\/posts\/25387"}],"collection":[{"href":"https:\/\/www.actualidadadiario.com\/index.php\/wp-json\/wp\/v2\/posts"}],"about":[{"href":"https:\/\/www.actualidadadiario.com\/index.php\/wp-json\/wp\/v2\/types\/post"}],"author":[{"embeddable":true,"href":"https:\/\/www.actualidadadiario.com\/index.php\/wp-json\/wp\/v2\/users\/3"}],"replies":[{"embeddable":true,"href":"https:\/\/www.actualidadadiario.com\/index.php\/wp-json\/wp\/v2\/comments?post=25387"}],"version-history":[{"count":1,"href":"https:\/\/www.actualidadadiario.com\/index.php\/wp-json\/wp\/v2\/posts\/25387\/revisions"}],"predecessor-version":[{"id":25389,"href":"https:\/\/www.actualidadadiario.com\/index.php\/wp-json\/wp\/v2\/posts\/25387\/revisions\/25389"}],"wp:featuredmedia":[{"embeddable":true,"href":"https:\/\/www.actualidadadiario.com\/index.php\/wp-json\/wp\/v2\/media\/25388"}],"wp:attachment":[{"href":"https:\/\/www.actualidadadiario.com\/index.php\/wp-json\/wp\/v2\/media?parent=25387"}],"wp:term":[{"taxonomy":"category","embeddable":true,"href":"https:\/\/www.actualidadadiario.com\/index.php\/wp-json\/wp\/v2\/categories?post=25387"},{"taxonomy":"post_tag","embeddable":true,"href":"https:\/\/www.actualidadadiario.com\/index.php\/wp-json\/wp\/v2\/tags?post=25387"}],"curies":[{"name":"wp","href":"https:\/\/api.w.org\/{rel}","templated":true}]}}