{"id":25375,"date":"2018-03-31T17:55:09","date_gmt":"2018-03-31T20:55:09","guid":{"rendered":"http:\/\/actualidadadiario.com\/site\/?p=25375"},"modified":"2018-11-06T19:51:31","modified_gmt":"2018-11-06T22:51:31","slug":"palestinos-entierran-a-sus-muertos-tras-el-dia-mas-sangriento-en-anos","status":"publish","type":"post","link":"https:\/\/www.actualidadadiario.com\/index.php\/2018\/03\/31\/palestinos-entierran-a-sus-muertos-tras-el-dia-mas-sangriento-en-anos\/","title":{"rendered":"Palestinos entierran a sus muertos tras el d\u00eda m\u00e1s sangriento en a\u00f1os"},"content":{"rendered":"<p><em><strong>El ej\u00e9rcito israel\u00ed mat\u00f3 a 16 palestinos durante una protesta e Franja de Gaza. Hubo nuevas manifestaciones en la frontera con Israel<\/strong><\/em><\/p>\n<p>&nbsp;<\/p>\n<p>&nbsp;<\/p>\n<p>&nbsp;<\/p>\n<p>&nbsp;<\/p>\n<p>Miles de palestinos acudieron este s\u00e1bado a los funerales de los manifestantes muertos la v\u00edspera en enfrentamientos con el ej\u00e9rcito israel\u00ed, que dejaron 16 muertos del lado palestino, en la jornada m\u00e1s sangrienta desde la guerra de 2014.<\/p>\n<p>&nbsp;<\/p>\n<p>Pese a la c\u00f3lera que crece desde el viernes, solamente algunos centenares de manifestantes retornaron el s\u00e1bado por la tarde a zonas cercanas a la frontera con Israel, para proseguir su movimiento de protesta.<\/p>\n<p>&nbsp;<\/p>\n<p>Esta protesta, que durar\u00e1 seis semanas con manifestaciones a lo largo de la valla de seguridad entre Gaza e Israel, fue convocada por la sociedad civil para exigir el &#8220;derecho de retorno&#8221; de los refugiados palestinos y denunciar el estricto bloqueo impuesto por Israel en Gaza.<\/p>\n<p>&nbsp;<\/p>\n<p>Este s\u00e1bado, en varias ciudades de la Franja de Gaza, una compacta muchedumbre acompa\u00f1\u00f3 los ata\u00fades de las v\u00edctimas del viernes, portando banderas palestinas, mientras algunos gritaban esl\u00f3ganes pidiendo &#8220;venganza&#8221;.<\/p>\n<p>&nbsp;<\/p>\n<p>Cinco de los manifestantes muertos era miembros del Hamas, que participaban en &#8220;manifestaciones populares al lado de su pueblo&#8221;, indic\u00f3 la rama armada de este movimiento islamista que controla Gaza.<\/p>\n<p>&nbsp;<\/p>\n<p>Adem\u00e1s, una huelga general fue convocada para este s\u00e1bado en los dos territorios palestinos, la Franja de Gaza y Cisjordania ocupada desde hace 50 a\u00f1os por Israel.<\/p>\n<p>&nbsp;<\/p>\n<p>La tensi\u00f3n es grande desde que los soldados israel\u00edes abrieron fuego el viernes contra los palestinos que se acercaron a la fortificada valla fronteriza entre la Franja de Gaza e Israel, habitualmente escenario de sangrientos disturbios.<\/p>\n<p>&nbsp;<\/p>\n<p>Adem\u00e1s de los 16 muertos, los enfrentamientos dejaron m\u00e1s de 1.400 heridos, 758 de ellos por disparos y el resto por balas de goma o inhalaci\u00f3n de gases lacrim\u00f3genos, seg\u00fan el ministerio de Salud de Gaza.<\/p>\n<p>&nbsp;<\/p>\n<p>No hubo v\u00edctimas o heridos del lado israel\u00ed.<\/p>\n<p>&nbsp;<\/p>\n<p>Los militares israel\u00edes alegaron que dispararon solamente cuando fue necesario, mientras &#8220;los alborotadores hac\u00edan rodar neum\u00e1ticos en llamas y arrojaban bombas incendiarias y piedras a la valla de seguridad y a las tropas&#8221; israel\u00edes, seg\u00fan indic\u00f3 un portavoz militar, que estim\u00f3 que hubo el viernes unos 30.000 manifestantes.<\/p>\n<p>&nbsp;<\/p>\n<p>Fuentes militares israel\u00edes adujeron tambi\u00e9n que hubo intentos de da\u00f1ar la valla y de infiltrarse en territorio israel\u00ed.<\/p>\n<p>&nbsp;<\/p>\n<p>Pero los palestinos acusan a Israel de hacer un uso &#8220;desproporcionado de la fuerza&#8221; y las organizaciones de derechos humanos cuestionaron la utilizaci\u00f3n por parte de Israel de balas reales.<\/p>\n","protected":false},"excerpt":{"rendered":"<p>El ej\u00e9rcito israel\u00ed mat\u00f3 a 16 palestinos durante una protesta e Franja de Gaza. Hubo nuevas manifestaciones en la frontera con Israel &nbsp; &nbsp; &nbsp; &nbsp; Miles de palestinos acudieron este s\u00e1bado a los funerales de los manifestantes muertos la v\u00edspera en enfrentamientos con el ej\u00e9rcito israel\u00ed, que dejaron 16 muertos del lado palestino, en la jornada m\u00e1s sangrienta desde la guerra de 2014. &nbsp; Pese a la c\u00f3lera que crece desde el viernes, solamente algunos centenares de manifestantes retornaron el s\u00e1bado por la tarde a zonas cercanas a la&#8230;<\/p>\n","protected":false},"author":3,"featured_media":25376,"comment_status":"closed","ping_status":"closed","sticky":false,"template":"","format":"standard","meta":[],"categories":[4],"tags":[],"_links":{"self":[{"href":"https:\/\/www.actualidadadiario.com\/index.php\/wp-json\/wp\/v2\/posts\/25375"}],"collection":[{"href":"https:\/\/www.actualidadadiario.com\/index.php\/wp-json\/wp\/v2\/posts"}],"about":[{"href":"https:\/\/www.actualidadadiario.com\/index.php\/wp-json\/wp\/v2\/types\/post"}],"author":[{"embeddable":true,"href":"https:\/\/www.actualidadadiario.com\/index.php\/wp-json\/wp\/v2\/users\/3"}],"replies":[{"embeddable":true,"href":"https:\/\/www.actualidadadiario.com\/index.php\/wp-json\/wp\/v2\/comments?post=25375"}],"version-history":[{"count":1,"href":"https:\/\/www.actualidadadiario.com\/index.php\/wp-json\/wp\/v2\/posts\/25375\/revisions"}],"predecessor-version":[{"id":25377,"href":"https:\/\/www.actualidadadiario.com\/index.php\/wp-json\/wp\/v2\/posts\/25375\/revisions\/25377"}],"wp:featuredmedia":[{"embeddable":true,"href":"https:\/\/www.actualidadadiario.com\/index.php\/wp-json\/wp\/v2\/media\/25376"}],"wp:attachment":[{"href":"https:\/\/www.actualidadadiario.com\/index.php\/wp-json\/wp\/v2\/media?parent=25375"}],"wp:term":[{"taxonomy":"category","embeddable":true,"href":"https:\/\/www.actualidadadiario.com\/index.php\/wp-json\/wp\/v2\/categories?post=25375"},{"taxonomy":"post_tag","embeddable":true,"href":"https:\/\/www.actualidadadiario.com\/index.php\/wp-json\/wp\/v2\/tags?post=25375"}],"curies":[{"name":"wp","href":"https:\/\/api.w.org\/{rel}","templated":true}]}}