{"id":25372,"date":"2018-03-31T17:54:15","date_gmt":"2018-03-31T20:54:15","guid":{"rendered":"http:\/\/actualidadadiario.com\/site\/?p=25372"},"modified":"2018-11-06T19:47:21","modified_gmt":"2018-11-06T22:47:21","slug":"nosfaltan3-la-etiqueta-de-un-secuestro-en-ecuador","status":"publish","type":"post","link":"https:\/\/www.actualidadadiario.com\/index.php\/2018\/03\/31\/nosfaltan3-la-etiqueta-de-un-secuestro-en-ecuador\/","title":{"rendered":"#NosFaltan3, la etiqueta de un secuestro en Ecuador"},"content":{"rendered":"<p><em><strong>Un equipo period\u00edstico fue secuestrado en la zona fronteriza con Colombia. Cuatro d\u00edas de incertidumbre y una campa\u00f1a masiva para exigir respuestas<\/strong><\/em><\/p>\n<p>&nbsp;<\/p>\n<p>&nbsp;<\/p>\n<p>&nbsp;<\/p>\n<p>&nbsp;<\/p>\n<p>El lunes 26 de marzo de 2018 ocurri\u00f3 algo impensable para la sociedad ecuatoriana. Un equipo period\u00edstico del diario El Comercio fue secuestrado en la parroquia Mataje, en la provincia de Esmeraldas, zona cercana a la frontera con Colombia. Desde entonces se desconoce su paradero y los familiares se aferran a los reportes de Gobierno en los que se\u00f1alan que el periodista, el fot\u00f3grafo y el conductor \u201cest\u00e1n bien\u201d, y que pronto ser\u00e1n rescatados.<\/p>\n<p>&nbsp;<\/p>\n<p>La difusi\u00f3n del secuestro de inmediato encendi\u00f3 las alarmas por tres razones: primero, es un pa\u00eds en el que los secuestros no forman parte de su cotidianidad; segundo, a pesar de contar todav\u00eda con una Ley de Comunicaci\u00f3n bastante restrictiva, se puede ejercer el periodismo; y tercero, la actuaci\u00f3n de grupos armados vinculados al narcotr\u00e1fico expone la existencia de un problema mayor que ya ha afectado el rumbo de otras naciones como M\u00e9xico y Colombia.<\/p>\n<p>&nbsp;<\/p>\n<p>Es un camino que atemoriza al pueblo ecuatoriano y por eso reaccion\u00f3 alzando su voz para exigir respuestas ante lo ocurrido. #NosFaltan3 es la campa\u00f1a que se ha difundido por medios de comunicaci\u00f3n y redes sociales para que la noticia permanezca vigente y para que el pedido desesperado por la aparici\u00f3n de los comunicadores suene en todo el Ecuador y fuera de \u00e9l.<\/p>\n<p>&nbsp;<\/p>\n<p>Fotos, videos y diversos mensajes inundan las pantallas, demostrando la unidad de un pa\u00eds que, como ya lo hizo tras un devastador terremoto en 2016, se fortalece ante la desgracia y no se somete frente a la adversidad. El martes se efectu\u00f3 una vigilia en Quito, frente a la Casa de Gobierno, y adem\u00e1s hubo concentraciones similares en otras ciudades como Guayaquil y Cuenca.<\/p>\n<p>&nbsp;<\/p>\n<p>Pero a\u00fan en medio de aquella imagen esperanzadora surgen declaraciones que asombran como la del Ministro del Interior, C\u00e9sar Navas, quien cuando dio a conocer el secuestro sostuvo que \u201cles advirtieron que era peligroso\u201d, como si se pudiera as\u00ed justificar aquel desenlace, en lugar de haberles proporcionado el resguardo necesario para reducir los riesgos.<\/p>\n<p>&nbsp;<\/p>\n<p>No estaban ah\u00ed de excursi\u00f3n, no fueron a vacacionar o a tomar fotos del paisaje. Estaban all\u00ed porque hab\u00eda una historia por contar, porque hab\u00eda una problem\u00e1tica que exponer y de la que desafortunadamente se convirtieron en protagonistas. No estaban all\u00ed por un capricho; estaban cumpliendo con su trabajo, estaban informando, buscando revelar lo que muchos tratan de ocultar, y fue precisamente por esa labor que perdieron su libertad.<\/p>\n<p>&nbsp;<\/p>\n<p>Como periodista ecuatoriana y a pesar de estar miles de kil\u00f3metros lejos de mi patria, me sumo al pedido de familiares, colegas y de todo el pa\u00eds: Nos faltan 3. Cuando silencian a un periodista, atentan contra el derecho de la ciudadan\u00eda de estar informada. Poder ejercer un periodismo libre es la garant\u00eda de la democracia de un Estado y es por eso que el Gobierno de Ecuador debe brindar una s\u00f3lida respuesta para que los secuestrados sean liberados y para garantizar que este tipo de hechos no se repitan.<\/p>\n","protected":false},"excerpt":{"rendered":"<p>Un equipo period\u00edstico fue secuestrado en la zona fronteriza con Colombia. Cuatro d\u00edas de incertidumbre y una campa\u00f1a masiva para exigir respuestas &nbsp; &nbsp; &nbsp; &nbsp; El lunes 26 de marzo de 2018 ocurri\u00f3 algo impensable para la sociedad ecuatoriana. Un equipo period\u00edstico del diario El Comercio fue secuestrado en la parroquia Mataje, en la provincia de Esmeraldas, zona cercana a la frontera con Colombia. Desde entonces se desconoce su paradero y los familiares se aferran a los reportes de Gobierno en los que se\u00f1alan que el periodista, el fot\u00f3grafo&#8230;<\/p>\n","protected":false},"author":3,"featured_media":25373,"comment_status":"closed","ping_status":"closed","sticky":false,"template":"","format":"standard","meta":[],"categories":[4],"tags":[],"_links":{"self":[{"href":"https:\/\/www.actualidadadiario.com\/index.php\/wp-json\/wp\/v2\/posts\/25372"}],"collection":[{"href":"https:\/\/www.actualidadadiario.com\/index.php\/wp-json\/wp\/v2\/posts"}],"about":[{"href":"https:\/\/www.actualidadadiario.com\/index.php\/wp-json\/wp\/v2\/types\/post"}],"author":[{"embeddable":true,"href":"https:\/\/www.actualidadadiario.com\/index.php\/wp-json\/wp\/v2\/users\/3"}],"replies":[{"embeddable":true,"href":"https:\/\/www.actualidadadiario.com\/index.php\/wp-json\/wp\/v2\/comments?post=25372"}],"version-history":[{"count":1,"href":"https:\/\/www.actualidadadiario.com\/index.php\/wp-json\/wp\/v2\/posts\/25372\/revisions"}],"predecessor-version":[{"id":25374,"href":"https:\/\/www.actualidadadiario.com\/index.php\/wp-json\/wp\/v2\/posts\/25372\/revisions\/25374"}],"wp:featuredmedia":[{"embeddable":true,"href":"https:\/\/www.actualidadadiario.com\/index.php\/wp-json\/wp\/v2\/media\/25373"}],"wp:attachment":[{"href":"https:\/\/www.actualidadadiario.com\/index.php\/wp-json\/wp\/v2\/media?parent=25372"}],"wp:term":[{"taxonomy":"category","embeddable":true,"href":"https:\/\/www.actualidadadiario.com\/index.php\/wp-json\/wp\/v2\/categories?post=25372"},{"taxonomy":"post_tag","embeddable":true,"href":"https:\/\/www.actualidadadiario.com\/index.php\/wp-json\/wp\/v2\/tags?post=25372"}],"curies":[{"name":"wp","href":"https:\/\/api.w.org\/{rel}","templated":true}]}}