{"id":25366,"date":"2018-03-31T17:52:24","date_gmt":"2018-03-31T20:52:24","guid":{"rendered":"http:\/\/actualidadadiario.com\/site\/?p=25366"},"modified":"2018-11-06T19:51:49","modified_gmt":"2018-11-06T22:51:49","slug":"prohibieron-banderas-argentinas-en-el-cementerio-de-malvinas","status":"publish","type":"post","link":"https:\/\/www.actualidadadiario.com\/index.php\/2018\/03\/31\/prohibieron-banderas-argentinas-en-el-cementerio-de-malvinas\/","title":{"rendered":"Prohibieron banderas argentinas en el cementerio de Malvinas"},"content":{"rendered":"<p><em><strong>Fue la exigencia brit\u00e1nica para que se llevara a cabo la identificaci\u00f3n de los soldados enterrados en Darwin. La Canciller\u00eda argentina impidi\u00f3 a los familiares exhibir cualquier s\u00edmbolo patrio<\/strong><\/em><\/p>\n<p>&nbsp;<\/p>\n<p>&nbsp;<\/p>\n<p>&nbsp;<\/p>\n<p>&nbsp;<\/p>\n<p>Los familiares de los ex combatientes argentinos fallecidos en la Guerra de Malvinas, que esta semana identificaron los cuerpos enterrados en Darwin, ten\u00edan una orden expresa: no llevar banderas argentinas, ni ning\u00fan otro s\u00edmbolo patrio a las islas. Esa fue la exigencia de la Corona brit\u00e1nica para que se llevara a cabo la identificaci\u00f3n de los j\u00f3venes que murieron en el conflicto militar de 1982 y fueron sepultados en suelo del archipi\u00e9lago con la leyenda \u201cSoldado argentino solo conocido por Dios\u201d.<\/p>\n<p>&nbsp;<\/p>\n<p>Nada celeste y blanco, ni siquiera una escarapela. La consigna fue clara: ning\u00fan elemento que mostrara el color de la patria por la que esos 88 h\u00e9roes murieron en el sur.\u00a0 Ni siquiera en medio de una jornada hist\u00f3rica en la que los familiares llegaban a Malvinas a ponerle nombre a las tumbas para que esos argentinos puedan descansar en paz luego de 36 a\u00f1os.<\/p>\n<p>&nbsp;<\/p>\n<p>Desde la Canciller\u00eda confirmaron que los familiares no podr\u00edan pisar las islas si hac\u00edan flamear los colores patrios argentinos. \u201cEs un tema humanitario y desde el principio les comunicamos a los familiares que no iban a poder llevar banderas argentinas\u201d, confirmaron desde el Ministerio de Relaciones Exteriores. A pesar de que Argentina cedi\u00f3 ante la imposici\u00f3n brit\u00e1nica, en el gobierno de Mauricio Macri sostienen que aceptar este impedimento no representa ninguna cesi\u00f3n de soberan\u00eda. \u201cLo de las banderas argentinas es un tema menor\u201d, destacan desde el Palacio San Mart\u00edn.<\/p>\n<p>&nbsp;<\/p>\n<p>Esa fue la principal condici\u00f3n que se puso en la mesa de negociaciones llevadas a cabo por Argentina, Gran Breta\u00f1a y los kelpers. Tambi\u00e9n se les exigi\u00f3 no llevar nada, ni flores, ni ning\u00fan rosario. Las ofrendas que iban a dejar en las tumbas de sus seres queridos ten\u00edan que estar rigurosamente controladas y ser\u00edan entregadas por la Comisi\u00f3n de Familiares en antes de llegar a Darwin. No se hab\u00eda dejado nada librado al azar para que el celeste y blanco no apareciera en ninguna de las fotos de ese d\u00eda hist\u00f3rico.<\/p>\n<p>&nbsp;<\/p>\n<p>El macrismo en este caso se diferencia del kirchnerismo. Cuando en 2009 se inaugur\u00f3 el cementerio de Darwin, por caso, y se puso en condiciones el lugar sagrado en el que se enterraron a los soldados argentinos con una misa y la visita de la delegaci\u00f3n argentina, muchos familiares desplegaron al llegar a Darwin banderas y s\u00edmbolos argentinos que llevaban desde R\u00edo Gallegos escondidos entre sus ropas. Luego las volvieron a guardar en sus mochilas y regresaron a Puerto Argentino para viajar a la Argentina. En ese momento, las banderas se exhibieron solo en el lugar donde yacen los ex combatientes argentinos.<\/p>\n<p>&nbsp;<\/p>\n<p>Pero parece ser que los kelpers no quieren ver nada que les recuerde a la Argentina. Hace unos a\u00f1os, se busc\u00f3 imponer este deseo por ley. En 2014 se difundi\u00f3 entre los kelpers un petitorio para pedir a la legislatura de las islas que sancionara una ley que prohibiera flamear insignias argentinas en Malvinas, sosteniendo que los isle\u00f1os se sienten \u201cprovocados por esta bandera\u201d. El petitorio no se convirti\u00f3 en ley, pero al menos, los kelpers lograron ahora imponer sus exigencia. \u201cEs dif\u00edcil decirle que no al vencedor. Cuando nos sentamos a negociar, sabemos que nos van a imponer algo\u201d, reconoci\u00f3 a Perfil un diplom\u00e1tico argentino que particip\u00f3 de la gesti\u00f3n para que se identifique a los soldados argentinos.<\/p>\n<p>&nbsp;<\/p>\n<p>Un familiar que viaj\u00f3 a Darwin y pidi\u00f3 no ser identificado, para que al menos, la dejen volver a Malvinas en otra oportunidad, confes\u00f3: \u201cYo s\u00e9 que mi hermano hubiera querido tener la bandera argentina en su tumba. El muri\u00f3 por esa bandera y yo so\u00f1aba con dejar esos colores al lado de la placa que ahora lleva su nombre en la cruz. La verdad es que no entiendo porque no se puede\u201d.<\/p>\n<p>&nbsp;<\/p>\n<p>En medio de un nuevo aniversario de la guerra, el Presidente recibir\u00e1 el lunes a los familiares de los ca\u00eddos en Malvinas. Quiz\u00e1 Macri pueda explicarles a los familiares por qu\u00e9 acept\u00f3 la exigencia brit\u00e1nica.<\/p>\n","protected":false},"excerpt":{"rendered":"<p>Fue la exigencia brit\u00e1nica para que se llevara a cabo la identificaci\u00f3n de los soldados enterrados en Darwin. La Canciller\u00eda argentina impidi\u00f3 a los familiares exhibir cualquier s\u00edmbolo patrio &nbsp; &nbsp; &nbsp; &nbsp; Los familiares de los ex combatientes argentinos fallecidos en la Guerra de Malvinas, que esta semana identificaron los cuerpos enterrados en Darwin, ten\u00edan una orden expresa: no llevar banderas argentinas, ni ning\u00fan otro s\u00edmbolo patrio a las islas. Esa fue la exigencia de la Corona brit\u00e1nica para que se llevara a cabo la identificaci\u00f3n de los j\u00f3venes&#8230;<\/p>\n","protected":false},"author":3,"featured_media":25367,"comment_status":"closed","ping_status":"closed","sticky":false,"template":"","format":"standard","meta":[],"categories":[4],"tags":[],"_links":{"self":[{"href":"https:\/\/www.actualidadadiario.com\/index.php\/wp-json\/wp\/v2\/posts\/25366"}],"collection":[{"href":"https:\/\/www.actualidadadiario.com\/index.php\/wp-json\/wp\/v2\/posts"}],"about":[{"href":"https:\/\/www.actualidadadiario.com\/index.php\/wp-json\/wp\/v2\/types\/post"}],"author":[{"embeddable":true,"href":"https:\/\/www.actualidadadiario.com\/index.php\/wp-json\/wp\/v2\/users\/3"}],"replies":[{"embeddable":true,"href":"https:\/\/www.actualidadadiario.com\/index.php\/wp-json\/wp\/v2\/comments?post=25366"}],"version-history":[{"count":1,"href":"https:\/\/www.actualidadadiario.com\/index.php\/wp-json\/wp\/v2\/posts\/25366\/revisions"}],"predecessor-version":[{"id":25368,"href":"https:\/\/www.actualidadadiario.com\/index.php\/wp-json\/wp\/v2\/posts\/25366\/revisions\/25368"}],"wp:featuredmedia":[{"embeddable":true,"href":"https:\/\/www.actualidadadiario.com\/index.php\/wp-json\/wp\/v2\/media\/25367"}],"wp:attachment":[{"href":"https:\/\/www.actualidadadiario.com\/index.php\/wp-json\/wp\/v2\/media?parent=25366"}],"wp:term":[{"taxonomy":"category","embeddable":true,"href":"https:\/\/www.actualidadadiario.com\/index.php\/wp-json\/wp\/v2\/categories?post=25366"},{"taxonomy":"post_tag","embeddable":true,"href":"https:\/\/www.actualidadadiario.com\/index.php\/wp-json\/wp\/v2\/tags?post=25366"}],"curies":[{"name":"wp","href":"https:\/\/api.w.org\/{rel}","templated":true}]}}