{"id":25348,"date":"2018-03-31T17:46:04","date_gmt":"2018-03-31T20:46:04","guid":{"rendered":"http:\/\/actualidadadiario.com\/site\/?p=25348"},"modified":"2018-11-06T19:50:48","modified_gmt":"2018-11-06T22:50:48","slug":"la-uca-advirtio-que-para-salir-de-la-pobreza-se-requieren-mejores-empleos","status":"publish","type":"post","link":"https:\/\/www.actualidadadiario.com\/index.php\/2018\/03\/31\/la-uca-advirtio-que-para-salir-de-la-pobreza-se-requieren-mejores-empleos\/","title":{"rendered":"La UCA advirti\u00f3 que &#8220;para salir de la pobreza se requieren mejores empleos&#8221;"},"content":{"rendered":"<p><em><strong>El director del Observatorio de la Deuda Social de la Universidad, Agust\u00edn Salvia, sostuvo que pese a la baja del \u00edndice anunciado esta semana por el Indec &#8220;la gente no se siente menos pobre&#8221;<\/strong><\/em><\/p>\n<p>&nbsp;<\/p>\n<p>&nbsp;<\/p>\n<p>&nbsp;<\/p>\n<p>&nbsp;<\/p>\n<p>&nbsp;<\/p>\n<p>El director del Observatorio de la Deuda Social de la Universidad Cat\u00f3lica Argentina (UCA), Agust\u00edn Salvia, sostuvo hoy que &#8220;salir de la pobreza va a requerir crear m\u00e1s y mejores empleos&#8221;, al tiempo que asegur\u00f3 que, pese a la baja del \u00edndice anunciado esta semana por el Indec, &#8220;la gente no se siente menos pobre&#8221;.<\/p>\n<p>&nbsp;<\/p>\n<p>&#8220;Salir de la pobreza va a requerir crear empleo. M\u00e1s y mejores empleos y eso todav\u00eda es muy lento. No solo es necesario bajar la inflaci\u00f3n, lo que necesitar\u00eda tambi\u00e9n la Argentina hoy para traccionar a los sectores m\u00e1s pobres es crear empleo de trabajo intensivo, y esto requiere de mercado interno\u201d, dijo hoy Salvia en declaraciones a FM Millenium.<\/p>\n<p>&nbsp;<\/p>\n<p>Esta semana, el Indec inform\u00f3 que hacia el final de 2017 la pobreza baj\u00f3 al 25,7 por ciento, una reducci\u00f3n considerable despu\u00e9s de haber superado el 32 por ciento en el primer tramo de la gesti\u00f3n de Mauricio Macri y alcanzado el 30,3 por ciento en el segundo semestre de 2016.<\/p>\n<p>&nbsp;<\/p>\n<p>&#8220;Efectivamente baj\u00f3 la pobreza en el a\u00f1o 2017, y comparado con el 2016 fue muy importante la mejora, y lo lleva a los valores cercanos a 2011, el mejor momento del kirchnerismo y el mejor momento de Argentina de 1994 a la fecha&#8221;, consider\u00f3 el especialista.<\/p>\n<p>&nbsp;<\/p>\n<p>No obstante, Salvia se\u00f1al\u00f3 que &#8220;cuando uno lo pregunta en la calle, la gente no se siente menos pobre&#8221;, sino que &#8220;logr\u00f3 sostenerse o mejorar un poquito, pero no implic\u00f3 tener posibilidades de ahorro, mejorar las viviendas, tener seguridad de que se tiene otro empleo, satisfacer necesidades de salud y atenci\u00f3n m\u00e9dica&#8221;.<\/p>\n<p>&nbsp;<\/p>\n<p>&#8220;Esa poquita plata que signific\u00f3 el respiro de 2017 para muchas partes, pero sobre todo para el conurbano, no signific\u00f3 un sentimiento claro de mejora\u201d, asever\u00f3.<\/p>\n<p>&nbsp;<\/p>\n<p>Por otra parte, pidi\u00f3 tener en cuenta el tema de los aumentos de las tarifas de servicios p\u00fablicos, que &#8220;est\u00e1n cambiando la ecuaci\u00f3n&#8221; para medir la pobreza, ya que &#8220;el peso no es el mismo que ten\u00edamos en 2004 o 2005, y el registro de la pobreza no est\u00e1 ponderando el componente tarifario&#8221;.<\/p>\n<p>&nbsp;<\/p>\n<p>&#8220;En el conurbano los ajustes tarifarios han pegado muy fuerte. Y efectivamente tambi\u00e9n aparece en este trimestre y aparecer\u00e1 en el pr\u00f3ximo que hay un proceso de retroceso o, por lo menos, de ampliaci\u00f3n de la brecha de desigualdad&#8221;, concluy\u00f3.<\/p>\n","protected":false},"excerpt":{"rendered":"<p>El director del Observatorio de la Deuda Social de la Universidad, Agust\u00edn Salvia, sostuvo que pese a la baja del \u00edndice anunciado esta semana por el Indec &#8220;la gente no se siente menos pobre&#8221; &nbsp; &nbsp; &nbsp; &nbsp; &nbsp; El director del Observatorio de la Deuda Social de la Universidad Cat\u00f3lica Argentina (UCA), Agust\u00edn Salvia, sostuvo hoy que &#8220;salir de la pobreza va a requerir crear m\u00e1s y mejores empleos&#8221;, al tiempo que asegur\u00f3 que, pese a la baja del \u00edndice anunciado esta semana por el Indec, &#8220;la gente no&#8230;<\/p>\n","protected":false},"author":3,"featured_media":25349,"comment_status":"closed","ping_status":"closed","sticky":false,"template":"","format":"standard","meta":[],"categories":[9,18],"tags":[],"_links":{"self":[{"href":"https:\/\/www.actualidadadiario.com\/index.php\/wp-json\/wp\/v2\/posts\/25348"}],"collection":[{"href":"https:\/\/www.actualidadadiario.com\/index.php\/wp-json\/wp\/v2\/posts"}],"about":[{"href":"https:\/\/www.actualidadadiario.com\/index.php\/wp-json\/wp\/v2\/types\/post"}],"author":[{"embeddable":true,"href":"https:\/\/www.actualidadadiario.com\/index.php\/wp-json\/wp\/v2\/users\/3"}],"replies":[{"embeddable":true,"href":"https:\/\/www.actualidadadiario.com\/index.php\/wp-json\/wp\/v2\/comments?post=25348"}],"version-history":[{"count":1,"href":"https:\/\/www.actualidadadiario.com\/index.php\/wp-json\/wp\/v2\/posts\/25348\/revisions"}],"predecessor-version":[{"id":25350,"href":"https:\/\/www.actualidadadiario.com\/index.php\/wp-json\/wp\/v2\/posts\/25348\/revisions\/25350"}],"wp:featuredmedia":[{"embeddable":true,"href":"https:\/\/www.actualidadadiario.com\/index.php\/wp-json\/wp\/v2\/media\/25349"}],"wp:attachment":[{"href":"https:\/\/www.actualidadadiario.com\/index.php\/wp-json\/wp\/v2\/media?parent=25348"}],"wp:term":[{"taxonomy":"category","embeddable":true,"href":"https:\/\/www.actualidadadiario.com\/index.php\/wp-json\/wp\/v2\/categories?post=25348"},{"taxonomy":"post_tag","embeddable":true,"href":"https:\/\/www.actualidadadiario.com\/index.php\/wp-json\/wp\/v2\/tags?post=25348"}],"curies":[{"name":"wp","href":"https:\/\/api.w.org\/{rel}","templated":true}]}}