{"id":25336,"date":"2018-03-31T17:42:16","date_gmt":"2018-03-31T20:42:16","guid":{"rendered":"http:\/\/actualidadadiario.com\/site\/?p=25336"},"modified":"2018-11-06T19:52:10","modified_gmt":"2018-11-06T22:52:10","slug":"sarampion-advierten-que-ante-un-brote-hay-750-mil-chicos-en-riesgo","status":"publish","type":"post","link":"https:\/\/www.actualidadadiario.com\/index.php\/2018\/03\/31\/sarampion-advierten-que-ante-un-brote-hay-750-mil-chicos-en-riesgo\/","title":{"rendered":"Sarampi\u00f3n: advierten que ante un brote hay 750 mil chicos en riesgo"},"content":{"rendered":"<p><em><strong>El Ministerio de Salud prepara una campa\u00f1a de vacunaci\u00f3n. Ayer controlaron a familiares y compa\u00f1eros del jard\u00edn que tuvieron contacto con la beba, pero ninguno present\u00f3 s\u00edntomas<\/strong><\/em><\/p>\n<p>&nbsp;<\/p>\n<p>&nbsp;<\/p>\n<p>&nbsp;<\/p>\n<p>Hace solo diez d\u00edas, el Ministerio de Salud de la Naci\u00f3n emiti\u00f3 un alerta por el riesgo de reintroducci\u00f3n del sarampi\u00f3n en la Argentina ante la circulaci\u00f3n del virus en nueve pa\u00edses de Am\u00e9rica. En esa oportunidad los especialistas advirtieron que, debido al movimiento de personas, el pa\u00eds podr\u00eda tener un caso en cuesti\u00f3n de horas. Finalmente el vaticinio se cumpli\u00f3. El pasado jueves el Ministerio de Salud porte\u00f1o confirm\u00f3 un caso de sarampi\u00f3n, una beba de 8 meses que reside en la Ciudad y que por su edad no estaba vacunada.<\/p>\n<p>&nbsp;<\/p>\n<p>La chiquita, que vive en el barrio de Almagro, comenz\u00f3 con los primeros s\u00edntomas (tos y fiebre) el 21 de marzo y cuatro d\u00edas despu\u00e9s present\u00f3 una erupci\u00f3n en la piel. Desde el lunes, se encuentra internada en la Cl\u00ednica Trinidad de Palermo. \u201cLa beba evoluciona favorablemente, no tuvo ninguna complicaci\u00f3n. Pero todav\u00eda hay que esperar. No estaba vacunada porque era menor de un a\u00f1o. Hasta los nueve meses\u00a0 los ni\u00f1os est\u00e1n protegidos por la inmunizaci\u00f3n que les proporciona la madre\u201d, explic\u00f3 Eduardo L\u00f3pez, jefe del Departamento de Medicina del Hospital de Ni\u00f1os Ricardo Guti\u00e9rrez y vocero del Ministerio de Salud porte\u00f1o.<\/p>\n<p>&nbsp;<\/p>\n<p>Las autoridades de salud porte\u00f1as junto a las nacionales se encuentran relevando a todas las personas que tuvieron contacto con la menor. Entre ellos, al menos setenta compa\u00f1eritos del jard\u00edn maternal al que asist\u00eda, personal docente y familiar para poner en marcha acciones de bloqueo. \u201cEntre jueves y viernes se vacunar\u00e1 a todos los contactos por encima de nueve meses que no estaban inmunizados. Tambi\u00e9n se les indic\u00f3 una gammaglobulina inyectable, que son anticuerpos contra el virus, como medida adicional para los menores de seis meses. Hasta ahora no hay ning\u00fan caso sospechoso de sarampi\u00f3n. Pero la vigilancia se va a mantener varios d\u00edas\u201d, le dijo Daniel Ferrante, subsecretario de Planificaci\u00f3n Sanitaria del Ministerio de Salud porte\u00f1o.<\/p>\n<p>&nbsp;<\/p>\n<p>Tambi\u00e9n se encuentran investigando la fuente de infecci\u00f3n. Es que la beba ni sus familiares ten\u00edan antecedentes de viaje. \u201cEstamos relevando a los contactos que la beba pudiera tener en una instituci\u00f3n religiosa, una Iglesia Evang\u00e9lica a la que sus padres concurren asiduamente. No sabemos a\u00fan si se trata de un caso aut\u00f3ctono, lo m\u00e1s probable es que al no haber circulaci\u00f3n del virus en el pa\u00eds, se haya contagiado de un turista o argentino que lleg\u00f3 al pa\u00eds con la enfermedad\u201d, detall\u00f3 Ferrante.<\/p>\n<p>&nbsp;<\/p>\n<p>Cabe destacar que la Argentina no presenta un caso aut\u00f3ctono de sarampi\u00f3n desde el a\u00f1o 2000. S\u00ed se reportaron casos \u201cimportados\u201d. Por ejemplo, tras el Mundial de Sud\u00e1frica se notificaron 17. En cambio, s\u00ed hay brotes de la enfermedad en Venezuela, con casi 900 casos debido a la escasez de dosis y en el norte de Brasil. Tambi\u00e9n en algunos pa\u00edses de Europa, como Francia e Italia.<\/p>\n<p>&nbsp;<\/p>\n<p>&nbsp;<\/p>\n<p><strong>Brote<\/strong><\/p>\n<p>Los especialistas coinciden en recomendar que es importante que los padres chequeen si sus hijos tienen las vacunas del calendario al d\u00eda. De 12 meses a cuatro a\u00f1os deben acreditar una dosis de vacuna triple viral (sarampi\u00f3n-rub\u00e9ola-paperas). Los mayores de cinco a\u00f1os deben acreditar dos dosis.<\/p>\n<p>&nbsp;<\/p>\n<p>\u00bfA qu\u00e9 se debe la reintroducci\u00f3n del virus en la Argentina? A la situaci\u00f3n regional, se le suma que en el pa\u00eds la tasa de cobertura es del 90%, cuando\u00a0 lo ideal es que sea del 95%. Adem\u00e1s, a\u00f1o tras a\u00f1o se van acumulando \u201csusceptibles\u201d (ni\u00f1os que no acceden a las vacunas de calendario y quienes las reciben y no responden). \u201cDesde la \u00faltima campa\u00f1a en 2013 a hoy ya se acumul\u00f3 un cohorte de 750 mil chicos menores de cinco a\u00f1os susceptibles, con lo que el riesgo de brote en caso de tener un caso importado es alto\u201d, sostuvo Carla Vizzotti, directora de la Sociedad Argentina de Vacunolog\u00eda y Epidemiolog\u00eda.<\/p>\n<p>&nbsp;<\/p>\n<p>En septiembre, el Ministerio de Salud realizar\u00e1 la Campa\u00f1a de Seguimiento para dar una dosis extra de la triple viral a todos los ni\u00f1os de entre uno y cuatro a\u00f1os. Pero la campa\u00f1a podr\u00eda adelantarse en CABA, de confirmarse m\u00e1s casos.<\/p>\n<p>&nbsp;<\/p>\n<p>&nbsp;<\/p>\n<p><strong>Un virus altamente contagioso<\/strong><\/p>\n<p>El sarampi\u00f3n es una enfermedad viral, potencialmente grave y extremadamente contagiosa. Nueve de cada diez personas no vacunados que tienen contacto con el sarampi\u00f3n\u00a0 se enferman. Se transmite de persona a persona por la diseminaci\u00f3n de gotitas a trav\u00e9s del aire. \u201cEl contagio se da 48 horas antes de la aparici\u00f3n de los primeros s\u00edntomas y hasta 48 despu\u00e9s de la erupci\u00f3n. Por eso los chicos deben tener aislamiento estricto\u201d, sostuvo el infect\u00f3logo Eduardo L\u00f3pez. Las manifestaciones cl\u00ednicas son: fiebre, conjuntivitis y tos (triple catarro), enantema t\u00edpico (manchas de Koplik), y erupci\u00f3n\u00a0 generalizada centr\u00edfuga con espacios de piel sana que comienza en la cara y luego desciende al\u00a0 tronco y miembros. Las complicaciones\u00a0 pueden ser por el\u00a0 mismo virus o por una sobreinfecci\u00f3n bacteriana, e incluyen: diarrea, otitis media, neumon\u00eda (es la causa m\u00e1s frecuente de muerte) y meningoencefalitis. No tiene tratamiento. La \u00fanica forma de prevenirla es a trav\u00e9s de la vacunaci\u00f3n. \u201cCon una dosis no basta, se debe dar una segunda al ingreso escolar\u201d.<\/p>\n","protected":false},"excerpt":{"rendered":"<p>El Ministerio de Salud prepara una campa\u00f1a de vacunaci\u00f3n. Ayer controlaron a familiares y compa\u00f1eros del jard\u00edn que tuvieron contacto con la beba, pero ninguno present\u00f3 s\u00edntomas &nbsp; &nbsp; &nbsp; Hace solo diez d\u00edas, el Ministerio de Salud de la Naci\u00f3n emiti\u00f3 un alerta por el riesgo de reintroducci\u00f3n del sarampi\u00f3n en la Argentina ante la circulaci\u00f3n del virus en nueve pa\u00edses de Am\u00e9rica. En esa oportunidad los especialistas advirtieron que, debido al movimiento de personas, el pa\u00eds podr\u00eda tener un caso en cuesti\u00f3n de horas. Finalmente el vaticinio se&#8230;<\/p>\n","protected":false},"author":3,"featured_media":25337,"comment_status":"closed","ping_status":"closed","sticky":false,"template":"","format":"standard","meta":[],"categories":[9,2],"tags":[],"_links":{"self":[{"href":"https:\/\/www.actualidadadiario.com\/index.php\/wp-json\/wp\/v2\/posts\/25336"}],"collection":[{"href":"https:\/\/www.actualidadadiario.com\/index.php\/wp-json\/wp\/v2\/posts"}],"about":[{"href":"https:\/\/www.actualidadadiario.com\/index.php\/wp-json\/wp\/v2\/types\/post"}],"author":[{"embeddable":true,"href":"https:\/\/www.actualidadadiario.com\/index.php\/wp-json\/wp\/v2\/users\/3"}],"replies":[{"embeddable":true,"href":"https:\/\/www.actualidadadiario.com\/index.php\/wp-json\/wp\/v2\/comments?post=25336"}],"version-history":[{"count":1,"href":"https:\/\/www.actualidadadiario.com\/index.php\/wp-json\/wp\/v2\/posts\/25336\/revisions"}],"predecessor-version":[{"id":25338,"href":"https:\/\/www.actualidadadiario.com\/index.php\/wp-json\/wp\/v2\/posts\/25336\/revisions\/25338"}],"wp:featuredmedia":[{"embeddable":true,"href":"https:\/\/www.actualidadadiario.com\/index.php\/wp-json\/wp\/v2\/media\/25337"}],"wp:attachment":[{"href":"https:\/\/www.actualidadadiario.com\/index.php\/wp-json\/wp\/v2\/media?parent=25336"}],"wp:term":[{"taxonomy":"category","embeddable":true,"href":"https:\/\/www.actualidadadiario.com\/index.php\/wp-json\/wp\/v2\/categories?post=25336"},{"taxonomy":"post_tag","embeddable":true,"href":"https:\/\/www.actualidadadiario.com\/index.php\/wp-json\/wp\/v2\/tags?post=25336"}],"curies":[{"name":"wp","href":"https:\/\/api.w.org\/{rel}","templated":true}]}}