{"id":25327,"date":"2018-03-31T17:39:41","date_gmt":"2018-03-31T20:39:41","guid":{"rendered":"http:\/\/actualidadadiario.com\/site\/?p=25327"},"modified":"2018-11-06T19:47:41","modified_gmt":"2018-11-06T22:47:41","slug":"alumnos-argentinos-tienen-menos-horas-de-clase-que-la-media-internacional","status":"publish","type":"post","link":"https:\/\/www.actualidadadiario.com\/index.php\/2018\/03\/31\/alumnos-argentinos-tienen-menos-horas-de-clase-que-la-media-internacional\/","title":{"rendered":"Alumnos argentinos tienen menos horas de clase que la media internacional"},"content":{"rendered":"<p><em><strong>Los chicos que concurren a la primaria se ven afectados por un calendario escolar corto y el poco cumplimiento por distintos conflictos. As\u00ed lo revela un estudio privado que adem\u00e1s detalla que el pa\u00eds se ubica por debajo de Brasil, M\u00e9xico, Colombia, Costa Rica y Chile<\/strong><\/em><\/p>\n<p>&nbsp;<\/p>\n<p>&nbsp;<\/p>\n<p>&nbsp;<\/p>\n<p>Los alumnos argentinos de escuelas primarias tienen menos horas de clases anuales que la media del resto del mundo, seg\u00fan un estudio realizado por la Universidad de Belgrano.<\/p>\n<p>&nbsp;<\/p>\n<p>&#8220;Tenemos un calendario escolar corto, que adem\u00e1s se cumple muy poco. Nuestros alumnos se ubican entre aquellos que menos horas de clase anuales tienen en comparaci\u00f3n con los del resto del mundo\u201d, subray\u00f3 Alieto Guadagni, director del Centro de Estudios de la Nueva Econom\u00eda de la Universidad de Belgrano, en su \u00faltimo informe.<\/p>\n<p>&nbsp;<\/p>\n<p>Dicho an\u00e1lisis considera la ubicaci\u00f3n de la Argentina en el escenario educativo mundial, prestando atenci\u00f3n a la informaci\u00f3n existente sobre magnitudes clave como las horas anuales de clase. En ese sentido, seg\u00fan datos de la publicaci\u00f3n anual Panorama de la Educaci\u00f3n de la OCDE, la Argentina se halla por debajo de los pa\u00edses que integran esta organizaci\u00f3n tanto en d\u00edas lectivos como en cantidad de horas de clases: 180 d\u00edas y 720 horas anuales versus 183 d\u00edas y 794 horas, respectivamente.<\/p>\n<p>&nbsp;<\/p>\n<p>&#8220;Tambi\u00e9n nos ubicamos por debajo de Brasil, M\u00e9xico, Colombia, Costa Rica y Chile. Esto se vuelve m\u00e1s grave a\u00fan si se tienen en cuenta los d\u00edas perdidos por conflictos sindicales, ausentismo docente y escolar. En nuestro pa\u00eds se dictan en las escuelas primarias alrededor de 720 horas de clases anuales, a raz\u00f3n de 4 horas por 180 d\u00edas&#8221;.<\/p>\n<p>&nbsp;<\/p>\n<p>&#8220;Esta situaci\u00f3n dista mucho de la cantidad de horas de aprendizaje que podr\u00eda dictarse si se cumpliera la Ley Nacional de Educaci\u00f3n, que establece la Jornada Escolar Extendida para todas las escuelas del pa\u00eds. Sin embargo, apenas 14 de cada 100 ni\u00f1os tienen Jornada Escolar Extendida&#8221;, precis\u00f3 Guadagni.<\/p>\n<p>&nbsp;<\/p>\n<p>El experto complet\u00f3: &#8220;Mejorar la educaci\u00f3n, apuntando a una escuela de calidad con inclusi\u00f3n social, es un imperativo colectivo. Para eso, hay que comenzar por el principio, respetando el calendario escolar y teniendo siempre las escuelas abiertas para nuestros ni\u00f1os&#8221;.<\/p>\n<p>&nbsp;<\/p>\n<p>&#8220;Construir una naci\u00f3n pr\u00f3spera y una sociedad con igualdad de oportunidades es una tarea compleja,\u00a0 que debe ser sostenida en el largo plazo. Esa tarea llevar\u00e1 tiempo. Para eso, hay que comenzar ya&#8221;, concluy\u00f3.<\/p>\n","protected":false},"excerpt":{"rendered":"<p>Los chicos que concurren a la primaria se ven afectados por un calendario escolar corto y el poco cumplimiento por distintos conflictos. As\u00ed lo revela un estudio privado que adem\u00e1s detalla que el pa\u00eds se ubica por debajo de Brasil, M\u00e9xico, Colombia, Costa Rica y Chile &nbsp; &nbsp; &nbsp; Los alumnos argentinos de escuelas primarias tienen menos horas de clases anuales que la media del resto del mundo, seg\u00fan un estudio realizado por la Universidad de Belgrano. &nbsp; &#8220;Tenemos un calendario escolar corto, que adem\u00e1s se cumple muy poco. Nuestros&#8230;<\/p>\n","protected":false},"author":3,"featured_media":25328,"comment_status":"closed","ping_status":"closed","sticky":false,"template":"","format":"standard","meta":[],"categories":[2],"tags":[],"_links":{"self":[{"href":"https:\/\/www.actualidadadiario.com\/index.php\/wp-json\/wp\/v2\/posts\/25327"}],"collection":[{"href":"https:\/\/www.actualidadadiario.com\/index.php\/wp-json\/wp\/v2\/posts"}],"about":[{"href":"https:\/\/www.actualidadadiario.com\/index.php\/wp-json\/wp\/v2\/types\/post"}],"author":[{"embeddable":true,"href":"https:\/\/www.actualidadadiario.com\/index.php\/wp-json\/wp\/v2\/users\/3"}],"replies":[{"embeddable":true,"href":"https:\/\/www.actualidadadiario.com\/index.php\/wp-json\/wp\/v2\/comments?post=25327"}],"version-history":[{"count":1,"href":"https:\/\/www.actualidadadiario.com\/index.php\/wp-json\/wp\/v2\/posts\/25327\/revisions"}],"predecessor-version":[{"id":25329,"href":"https:\/\/www.actualidadadiario.com\/index.php\/wp-json\/wp\/v2\/posts\/25327\/revisions\/25329"}],"wp:featuredmedia":[{"embeddable":true,"href":"https:\/\/www.actualidadadiario.com\/index.php\/wp-json\/wp\/v2\/media\/25328"}],"wp:attachment":[{"href":"https:\/\/www.actualidadadiario.com\/index.php\/wp-json\/wp\/v2\/media?parent=25327"}],"wp:term":[{"taxonomy":"category","embeddable":true,"href":"https:\/\/www.actualidadadiario.com\/index.php\/wp-json\/wp\/v2\/categories?post=25327"},{"taxonomy":"post_tag","embeddable":true,"href":"https:\/\/www.actualidadadiario.com\/index.php\/wp-json\/wp\/v2\/tags?post=25327"}],"curies":[{"name":"wp","href":"https:\/\/api.w.org\/{rel}","templated":true}]}}