{"id":25324,"date":"2018-03-31T17:38:52","date_gmt":"2018-03-31T20:38:52","guid":{"rendered":"http:\/\/actualidadadiario.com\/site\/?p=25324"},"modified":"2018-11-06T19:52:24","modified_gmt":"2018-11-06T22:52:24","slug":"silvina-calveyra-ocupara-un-cargo-en-el-ministerio-de-gobierno","status":"publish","type":"post","link":"https:\/\/www.actualidadadiario.com\/index.php\/2018\/03\/31\/silvina-calveyra-ocupara-un-cargo-en-el-ministerio-de-gobierno\/","title":{"rendered":"Silvina Calveyra ocupar\u00e1 un cargo en el Ministerio de Gobierno"},"content":{"rendered":"<p><em><strong>La dirigente gremial y social, Silvina Calveyra, fue designada coordinadora de Prevenci\u00f3n y Abordaje Integral de Tr\u00e1fico, Trata de Ni\u00f1os, Ni\u00f1as y Adolescentes y Trabajo Infantil, en el \u00e1mbito de la Direcci\u00f3n General de Asistencia Integral a la V\u00edctima del Delito. Ser\u00e1 un campo de acci\u00f3n similar al que desempe\u00f1aba en el Copnaf, pero ahora dependiente del Ministerio de Rosario Romero<\/strong><\/em><\/p>\n<p>&nbsp;<\/p>\n<p>&nbsp;<\/p>\n<p>&nbsp;<\/p>\n<p>&nbsp;<\/p>\n<p>&nbsp;<\/p>\n<p>Mediante decreto N\u00ba17, Calveyra fue designada a partir del 1 de febrero de 2018, coordinadora de Prevenci\u00f3n y Abordaje Integral de Tr\u00e1fico, Trata de Ni\u00f1os, Ni\u00f1as y Adolescentes y Trabajo Infantil, en el \u00e1mbito de la Direcci\u00f3n General de Asistencia Integral a la V\u00edctima del Delito, dependiente de la Secretar\u00eda de Justicia del Ministerio de Gobierno y Justicia.<\/p>\n<p>&nbsp;<\/p>\n<p>Con la sanci\u00f3n de la ley N\u00b0 9773, se cre\u00f3 la Direcci\u00f3n General de Asistencia Integral a la V\u00edctima del Delito, con competencia dentro de todo el \u00e1mbito provincial. Entre sus funciones se encuentra la promoci\u00f3n de campa\u00f1as de prevenci\u00f3n social del proceso victimol\u00f3gico con el prop\u00f3sito de reducir y evitar la concurrencia de los elementos sociales que favorezcan y multipliquen la agresi\u00f3n.<\/p>\n<p>&nbsp;<\/p>\n<p>En ese marco se propuso la creaci\u00f3n de la Coordinaci\u00f3n de Prevenci\u00f3n y Abordaje Integral de Tr\u00e1fico, Trata de Ni\u00f1os, Ni\u00f1as y Adolescentes y Trabajo Infantil, que qued\u00f3 a cargo de la dirigente de Red de Alerta.<\/p>\n","protected":false},"excerpt":{"rendered":"<p>La dirigente gremial y social, Silvina Calveyra, fue designada coordinadora de Prevenci\u00f3n y Abordaje Integral de Tr\u00e1fico, Trata de Ni\u00f1os, Ni\u00f1as y Adolescentes y Trabajo Infantil, en el \u00e1mbito de la Direcci\u00f3n General de Asistencia Integral a la V\u00edctima del Delito. Ser\u00e1 un campo de acci\u00f3n similar al que desempe\u00f1aba en el Copnaf, pero ahora dependiente del Ministerio de Rosario Romero &nbsp; &nbsp; &nbsp; &nbsp; &nbsp; Mediante decreto N\u00ba17, Calveyra fue designada a partir del 1 de febrero de 2018, coordinadora de Prevenci\u00f3n y Abordaje Integral de Tr\u00e1fico, Trata de&#8230;<\/p>\n","protected":false},"author":3,"featured_media":25325,"comment_status":"closed","ping_status":"closed","sticky":false,"template":"","format":"standard","meta":[],"categories":[15],"tags":[],"_links":{"self":[{"href":"https:\/\/www.actualidadadiario.com\/index.php\/wp-json\/wp\/v2\/posts\/25324"}],"collection":[{"href":"https:\/\/www.actualidadadiario.com\/index.php\/wp-json\/wp\/v2\/posts"}],"about":[{"href":"https:\/\/www.actualidadadiario.com\/index.php\/wp-json\/wp\/v2\/types\/post"}],"author":[{"embeddable":true,"href":"https:\/\/www.actualidadadiario.com\/index.php\/wp-json\/wp\/v2\/users\/3"}],"replies":[{"embeddable":true,"href":"https:\/\/www.actualidadadiario.com\/index.php\/wp-json\/wp\/v2\/comments?post=25324"}],"version-history":[{"count":1,"href":"https:\/\/www.actualidadadiario.com\/index.php\/wp-json\/wp\/v2\/posts\/25324\/revisions"}],"predecessor-version":[{"id":25326,"href":"https:\/\/www.actualidadadiario.com\/index.php\/wp-json\/wp\/v2\/posts\/25324\/revisions\/25326"}],"wp:featuredmedia":[{"embeddable":true,"href":"https:\/\/www.actualidadadiario.com\/index.php\/wp-json\/wp\/v2\/media\/25325"}],"wp:attachment":[{"href":"https:\/\/www.actualidadadiario.com\/index.php\/wp-json\/wp\/v2\/media?parent=25324"}],"wp:term":[{"taxonomy":"category","embeddable":true,"href":"https:\/\/www.actualidadadiario.com\/index.php\/wp-json\/wp\/v2\/categories?post=25324"},{"taxonomy":"post_tag","embeddable":true,"href":"https:\/\/www.actualidadadiario.com\/index.php\/wp-json\/wp\/v2\/tags?post=25324"}],"curies":[{"name":"wp","href":"https:\/\/api.w.org\/{rel}","templated":true}]}}