{"id":25319,"date":"2018-03-31T17:35:58","date_gmt":"2018-03-31T20:35:58","guid":{"rendered":"http:\/\/actualidadadiario.com\/site\/?p=25319"},"modified":"2018-11-06T19:49:54","modified_gmt":"2018-11-06T22:49:54","slug":"fin-de-semana-largo-las-termas-son-el-principal-atractivo-en-entre-rios","status":"publish","type":"post","link":"https:\/\/www.actualidadadiario.com\/index.php\/2018\/03\/31\/fin-de-semana-largo-las-termas-son-el-principal-atractivo-en-entre-rios\/","title":{"rendered":"Fin de semana largo: las termas son el principal atractivo en Entre R\u00edos"},"content":{"rendered":"<p><em><strong>Entre R\u00edos se posicion\u00f3 como una de las provincias m\u00e1s elegidas del pa\u00eds. Desde el sector destacaron que esperan un fin de semana r\u00e9cord<\/strong><\/em><\/p>\n<p>&nbsp;<\/p>\n<p>&nbsp;<\/p>\n<p>&nbsp;<\/p>\n<p>&nbsp;<\/p>\n<p>&nbsp;<\/p>\n<p>Desde el sector tur\u00edstico vaticinan uno de los mejores de los \u00faltimos tiempos y esperan que el clima acompa\u00f1e como hasta ahora. Si bien todav\u00eda no se tienen todos los n\u00fameros sobre la mesa, hay datos que se destacan, como las 50.000 plazas entrerrianas casi completamente ocupadas, los campings llenos y hasta dan cuenta del alojamiento en casas de familia.<\/p>\n<p>&nbsp;<\/p>\n<p>Sostienen que Entre R\u00edos es una de las provincias m\u00e1s elegidas del pa\u00eds y que el principal atractivo fueron las termas, aunque con los d\u00edas de sol y las temperaturas elevadas otros productos fueron elegidos en este fin de semana.<\/p>\n<p>&nbsp;<\/p>\n<p>&#8220;Es que comenz\u00f3 muy bien y la referencia que tenemos es el ingreso de gente a la provincia con movimientos intensos en las rutas y en las terminales de \u00f3mnibus. Creemos que va a terminar en un r\u00e9cord de cantidad de turistas de fines de semana largos por Semana Santa&#8221;, dijo a UNO Sebasti\u00e1n Bel, presidente de la C\u00e1mara Entrerriana de Turismo.<\/p>\n<p>&nbsp;<\/p>\n<p>Desde hace varios d\u00edas, las expectativas del sector en la provincia para este fin de semana extralargo eran importantes porque numerosas localidades superaban el 95% de reservas y esperan alcanzar el 100%. Con diversas ofertas y propuestas, se prepararon para recibir a los visitantes de distintas provincias argentinas, sobre todo de Buenos Aires, Santa Fe y C\u00f3rdoba, as\u00ed como tambi\u00e9n de la Rep\u00fablica Oriental del Uruguay, donde toda la semana es no laborable.<\/p>\n<p>&nbsp;<\/p>\n<p>&#8220;Los parque termales fueron invadidos, como en Federaci\u00f3n, con colas largas de ingreso y muchos autos en sus estacionamientos, tambi\u00e9n estuvieron con mucho p\u00fablico los restaurantes&#8221;, dijo Bel, y reafirm\u00f3 que esperan un cierre al 100%.<\/p>\n<p>&nbsp;<\/p>\n<p>Seg\u00fan explic\u00f3 y a partir de la informaci\u00f3n que ten\u00eda ayer, en realidad la mayor\u00eda de los destinos tur\u00edsticos del pa\u00eds se encontraron con respuestas positivas y buenos n\u00fameros.<\/p>\n<p>&nbsp;<\/p>\n<p>Bel tambi\u00e9n dijo que en el puente que une Gualeguaych\u00fa con Fray Bentos hubo hasta 10 kil\u00f3metros de cola de turistas que quer\u00edan pasar hacia Uruguay. &#8220;Si bien son recursos que se van, el movimiento econ\u00f3mico es importante&#8221;, sostuvo y agreg\u00f3: &#8220;Las 50.000 camas registradas en Entre R\u00edos van a estar al tope y adem\u00e1s hay un gran movimiento en los campings y en las casas de familia que no se puede cuantificar. Los parques termales est\u00e1n con r\u00e9cord de ventas de entradas y el gasto promedio est\u00e1 por encima de lo que tuvimos durante el verano, que fue de unos 990 pesos m\u00e1s o menos. Vamos a terminar con un gasto promedio de 1.200 pesos por persona, por d\u00eda&#8221;. De todos modos explic\u00f3 que estos n\u00fameros son estimativos ya que resta la mitad del fin de semana y que con el correr de los d\u00edas tendr\u00e1n mayores precisiones.<\/p>\n<p>&nbsp;<\/p>\n<p>&nbsp;<\/p>\n<p><strong>Productos<\/strong><\/p>\n<p>Entre las causas de este buen per\u00edodo para el sector tur\u00edstico, Bel destac\u00f3 varios aspectos: &#8220;En los \u00faltimos meses se ha trabajado bien en materia de comunicaci\u00f3n. Tambi\u00e9n influye el efecto que produce el d\u00f3lar, que ha hecho que mucha gente no se haya ido (de turista a otro pa\u00eds). Pero lo que m\u00e1s hay que destacar es que este gran movimiento econ\u00f3mico en el pa\u00eds se debe a que hay un fin de semana largo porque el turista tuvo unas minivacaciones. Por eso son muy importantes los fines de semana largos con orientaci\u00f3n tur\u00edstica porque no solo se beneficia el hotelero y gastron\u00f3mico&#8221;. Remarc\u00f3 entonces que tambi\u00e9n crecen las ventas de los almacenes, de los supermercados, de las estaciones de servicio y del comercio en general, como de las econom\u00edas regionales, de los artesanos y emprendedores de la regi\u00f3n.<\/p>\n<p>&nbsp;<\/p>\n<p>&#8220;El producto termal es el gran atractivo para que los turistas elijan la provincia, pero despu\u00e9s hay otros como pueden ser los festejos culturales en las bas\u00edlicas, las visitas al Palacio San Jos\u00e9, las recorridas por las siete iglesias en Paran\u00e1 que sum\u00f3 turistas o las fiestas religiosas relacionadas con Semana Santa. Se destac\u00f3 tambi\u00e9n la gastronom\u00eda con platos de pescado por la festividad&#8221;, explic\u00f3.<\/p>\n<p>&nbsp;<\/p>\n<p>Hubo otros sectores que tambi\u00e9n crecieron en estos d\u00edas o por lo menos tuvieron su afluencia de visitantes como el turismo rural o el que prefiere disfrutar de la naturaleza con iniciativas puntuales o la posibilidad de brindar un descanso en familia. Como el clima hasta el momento acompa\u00f1\u00f3, en las p\u00e1ginas de Internet de las secretar\u00edas y municipalidades de ciudades entrerrianas se pudieron ver una importante asistencia a las playas para tomar sol o simplemente a pasar la tarde mate en mano.<\/p>\n<p>&nbsp;<\/p>\n<p>Por \u00faltimo, Bel destac\u00f3 dos cuestiones negativas: &#8220;Por un lado fue el accidente del jueves por la madrugada en la autov\u00eda 14 que enluta a la actividad tur\u00edstica y por otro lado falleci\u00f3 el ingeniero Ernesto Barrera, que fue el impulsor de turismo rural y un gran defensor de esta actividad. A los que estamos en turismo nos afect\u00f3&#8221;.<\/p>\n","protected":false},"excerpt":{"rendered":"<p>Entre R\u00edos se posicion\u00f3 como una de las provincias m\u00e1s elegidas del pa\u00eds. Desde el sector destacaron que esperan un fin de semana r\u00e9cord &nbsp; &nbsp; &nbsp; &nbsp; &nbsp; Desde el sector tur\u00edstico vaticinan uno de los mejores de los \u00faltimos tiempos y esperan que el clima acompa\u00f1e como hasta ahora. Si bien todav\u00eda no se tienen todos los n\u00fameros sobre la mesa, hay datos que se destacan, como las 50.000 plazas entrerrianas casi completamente ocupadas, los campings llenos y hasta dan cuenta del alojamiento en casas de familia. &nbsp;&#8230;<\/p>\n","protected":false},"author":3,"featured_media":25320,"comment_status":"closed","ping_status":"closed","sticky":false,"template":"","format":"standard","meta":[],"categories":[15],"tags":[],"_links":{"self":[{"href":"https:\/\/www.actualidadadiario.com\/index.php\/wp-json\/wp\/v2\/posts\/25319"}],"collection":[{"href":"https:\/\/www.actualidadadiario.com\/index.php\/wp-json\/wp\/v2\/posts"}],"about":[{"href":"https:\/\/www.actualidadadiario.com\/index.php\/wp-json\/wp\/v2\/types\/post"}],"author":[{"embeddable":true,"href":"https:\/\/www.actualidadadiario.com\/index.php\/wp-json\/wp\/v2\/users\/3"}],"replies":[{"embeddable":true,"href":"https:\/\/www.actualidadadiario.com\/index.php\/wp-json\/wp\/v2\/comments?post=25319"}],"version-history":[{"count":1,"href":"https:\/\/www.actualidadadiario.com\/index.php\/wp-json\/wp\/v2\/posts\/25319\/revisions"}],"predecessor-version":[{"id":25321,"href":"https:\/\/www.actualidadadiario.com\/index.php\/wp-json\/wp\/v2\/posts\/25319\/revisions\/25321"}],"wp:featuredmedia":[{"embeddable":true,"href":"https:\/\/www.actualidadadiario.com\/index.php\/wp-json\/wp\/v2\/media\/25320"}],"wp:attachment":[{"href":"https:\/\/www.actualidadadiario.com\/index.php\/wp-json\/wp\/v2\/media?parent=25319"}],"wp:term":[{"taxonomy":"category","embeddable":true,"href":"https:\/\/www.actualidadadiario.com\/index.php\/wp-json\/wp\/v2\/categories?post=25319"},{"taxonomy":"post_tag","embeddable":true,"href":"https:\/\/www.actualidadadiario.com\/index.php\/wp-json\/wp\/v2\/tags?post=25319"}],"curies":[{"name":"wp","href":"https:\/\/api.w.org\/{rel}","templated":true}]}}