{"id":25317,"date":"2018-03-31T17:35:03","date_gmt":"2018-03-31T20:35:03","guid":{"rendered":"http:\/\/actualidadadiario.com\/site\/?p=25317"},"modified":"2018-11-06T19:48:48","modified_gmt":"2018-11-06T22:48:48","slug":"el-5-de-julio-se-realizaran-las-elecciones-en-el-directorio-del-iosper","status":"publish","type":"post","link":"https:\/\/www.actualidadadiario.com\/index.php\/2018\/03\/31\/el-5-de-julio-se-realizaran-las-elecciones-en-el-directorio-del-iosper\/","title":{"rendered":"El 5 de julio se realizar\u00e1n las elecciones en el directorio del Iosper"},"content":{"rendered":"<p><em><strong>La decisi\u00f3n se conoci\u00f3 a trav\u00e9s del decreto del Gobernador N\u00ba 567 el cual nombra a los dos integrantes de la Junta Electoral en representaci\u00f3n del Iosper. El padr\u00f3n de electores ser\u00e1 el de beneficiarios registrados hasta el d\u00eda de hoy<\/strong><\/em><\/p>\n<p>&nbsp;<\/p>\n<p>&nbsp;<\/p>\n<p>&nbsp;<\/p>\n<p>&nbsp;<\/p>\n<p>&nbsp;<\/p>\n<p>Seis de los siete directores actuales que tiene la obra social &#8211; y cuyo mandato vence el 25 de julio &#8211; buscar\u00e1n la reelecci\u00f3n, salvo el representante del agrupamiento docente, Marcelo Pagani, quien descart\u00f3 de plano repetir mandato en el Instituto, teniendo en cuenta que adem\u00e1s es el secretario general de Agmer.<\/p>\n<p>&nbsp;<\/p>\n<p>El 5 de julio habr\u00e1 elecciones en el Iosper. As\u00ed qued\u00f3 establecido en el decreto N\u00ba 567 GOB con fecha 26 de marzo.<\/p>\n<p>&nbsp;<\/p>\n<p>All\u00ed se dispone adem\u00e1s que Pablo Testa y Rodrigo Iba\u00f1ez integrar\u00e1n la Junta Electoral en representaci\u00f3n de la obra social junto a una persona m\u00e1s que debe ser designada por la Fiscal\u00eda de Estado.<\/p>\n<p>&nbsp;<\/p>\n<p>Una vez conformada, la Junta deber\u00e1 emitir las normas complementarias necesarias para llevar adelante el acto eleccionario que tomar\u00e1 como padr\u00f3n de electores al registro de beneficiarios de la obra social hasta hoy 31 de marzo.<\/p>\n<p>&nbsp;<\/p>\n<p>La elecci\u00f3n de la conducci\u00f3n de la obra social es un hecho que concita mucho inter\u00e9s ya que de all\u00ed surge la representaci\u00f3n obrera de los siete estamentos de la obra social m\u00e1s grande de la provincia. Seg\u00fan pudo saber APF, seis de los siete actuales directores buscar\u00edan la reelecci\u00f3n por cuatro a\u00f1os m\u00e1s.<\/p>\n<p>&nbsp;<\/p>\n<p>Se trata de Isa\u00edas Fernando Ca\u00f1ete, hoy presidente del Directorio y referente por el Agrupamiento Activos del Poder Legislativo y Judicial, Felipe Fabi\u00e1n Monz\u00f3n por el agrupamiento de Activos del Poder Ejecutivo (lugar que le dej\u00f3 Ariel de la Rosa cuando renunci\u00f3 para ser candidato a intendente), Adri\u00e1n G\u00f3mez por el agrupamiento de Empleados Municipales, Ricardo Bertonchini por el Agrupamiento Jubilados, Viviana S\u00e1nchez en representaci\u00f3n de los empleados del Iosper; y por los activos y retirados de la Polic\u00eda, Jos\u00e9 Ferm\u00edn Beltzer.<\/p>\n<p>&nbsp;<\/p>\n<p>Quien ya descart\u00f3 rotundamente su candidatura a la reelecci\u00f3n es el representante del sector docente en el Iosper, Marcelo Pagani. El dirigente de Col\u00f3n es tambi\u00e9n secretario general de Agmer en la provincia.<\/p>\n","protected":false},"excerpt":{"rendered":"<p>La decisi\u00f3n se conoci\u00f3 a trav\u00e9s del decreto del Gobernador N\u00ba 567 el cual nombra a los dos integrantes de la Junta Electoral en representaci\u00f3n del Iosper. El padr\u00f3n de electores ser\u00e1 el de beneficiarios registrados hasta el d\u00eda de hoy &nbsp; &nbsp; &nbsp; &nbsp; &nbsp; Seis de los siete directores actuales que tiene la obra social &#8211; y cuyo mandato vence el 25 de julio &#8211; buscar\u00e1n la reelecci\u00f3n, salvo el representante del agrupamiento docente, Marcelo Pagani, quien descart\u00f3 de plano repetir mandato en el Instituto, teniendo en cuenta&#8230;<\/p>\n","protected":false},"author":3,"featured_media":22659,"comment_status":"closed","ping_status":"closed","sticky":false,"template":"","format":"standard","meta":[],"categories":[15],"tags":[],"_links":{"self":[{"href":"https:\/\/www.actualidadadiario.com\/index.php\/wp-json\/wp\/v2\/posts\/25317"}],"collection":[{"href":"https:\/\/www.actualidadadiario.com\/index.php\/wp-json\/wp\/v2\/posts"}],"about":[{"href":"https:\/\/www.actualidadadiario.com\/index.php\/wp-json\/wp\/v2\/types\/post"}],"author":[{"embeddable":true,"href":"https:\/\/www.actualidadadiario.com\/index.php\/wp-json\/wp\/v2\/users\/3"}],"replies":[{"embeddable":true,"href":"https:\/\/www.actualidadadiario.com\/index.php\/wp-json\/wp\/v2\/comments?post=25317"}],"version-history":[{"count":1,"href":"https:\/\/www.actualidadadiario.com\/index.php\/wp-json\/wp\/v2\/posts\/25317\/revisions"}],"predecessor-version":[{"id":25318,"href":"https:\/\/www.actualidadadiario.com\/index.php\/wp-json\/wp\/v2\/posts\/25317\/revisions\/25318"}],"wp:featuredmedia":[{"embeddable":true,"href":"https:\/\/www.actualidadadiario.com\/index.php\/wp-json\/wp\/v2\/media\/22659"}],"wp:attachment":[{"href":"https:\/\/www.actualidadadiario.com\/index.php\/wp-json\/wp\/v2\/media?parent=25317"}],"wp:term":[{"taxonomy":"category","embeddable":true,"href":"https:\/\/www.actualidadadiario.com\/index.php\/wp-json\/wp\/v2\/categories?post=25317"},{"taxonomy":"post_tag","embeddable":true,"href":"https:\/\/www.actualidadadiario.com\/index.php\/wp-json\/wp\/v2\/tags?post=25317"}],"curies":[{"name":"wp","href":"https:\/\/api.w.org\/{rel}","templated":true}]}}