{"id":25314,"date":"2018-03-31T17:34:13","date_gmt":"2018-03-31T20:34:13","guid":{"rendered":"http:\/\/actualidadadiario.com\/site\/?p=25314"},"modified":"2018-11-06T19:48:48","modified_gmt":"2018-11-06T22:48:48","slug":"educacion-primaria-elaboro-material-para-que-las-escuelas-trabajen-sobre-malvinas","status":"publish","type":"post","link":"https:\/\/www.actualidadadiario.com\/index.php\/2018\/03\/31\/educacion-primaria-elaboro-material-para-que-las-escuelas-trabajen-sobre-malvinas\/","title":{"rendered":"Educaci\u00f3n Primaria elabor\u00f3 material para que las escuelas trabajen sobre Malvinas"},"content":{"rendered":"<p><em><strong>Con el objetivo de brindar material a los docentes, la Direcci\u00f3n de Educaci\u00f3n Primaria del Consejo General de Educaci\u00f3n (CGE), presenta en abril el material Memoria a los Veteranos y Ca\u00eddos en la Guerra de Malvinas<\/strong><\/em><\/p>\n<p>&nbsp;<\/p>\n<p>&nbsp;<\/p>\n<p>&nbsp;<\/p>\n<p>&nbsp;<\/p>\n<p>&nbsp;<\/p>\n<p>Este material brinda recursos y materiales para su abordaje y con el fin de aprender a mirar hist\u00f3ricamente bajo el nombre de Puentes entre pasado, presente y futuro: Malvinas, reafirma la soberan\u00eda argentina en el Atl\u00e1ntico Sur, en ocasi\u00f3n del 36 aniversario del conflicto b\u00e9lico y en el marco de los 35 a\u00f1os de nuestra democracia.<\/p>\n<p>&nbsp;<\/p>\n<p>En este sentido, la directora de Educaci\u00f3n primaria, Rosana Castro, puntualiz\u00f3 que \u201ccon estos Puentes insistimos en el prop\u00f3sito de cruzar mes a mes la invitaci\u00f3n y convocatoria a indagar problem\u00e1ticas hist\u00f3ricas y sus perspectivas vigentes; explorar cr\u00edticamente nuestro pasado en pos de la defensa colectiva, permanente y cotidiana de nuestra democracia y de los derechos humanos; intercambiar interrogantes, informaci\u00f3n, sentidos y reflexiones sobre nuestra historia, ya que lo que nos pas\u00f3 y lo que vendr\u00e1 depende de nuestros modos de mirar y de construir colectivamente lo com\u00fan en este presente; acompa\u00f1ar los proyectos educativos institucionales y curriculares para formar ciudadanos democr\u00e1ticos\u201d.<\/p>\n<p>&nbsp;<\/p>\n<p>Adem\u00e1s, propone \u201crecurrir a la memoria para buscar informaci\u00f3n, abrir interrogantes, problematizar-nos desde el presente para volver a mirar ese pasado y ampliar el horizonte y profundizar el abordaje de la historia, lo social, la cultura y la educaci\u00f3n. La ense\u00f1anza y el aprendizaje de los contenidos de las Ciencias Sociales son controversiales, dado que existen m\u00faltiples miradas sobre lo social que movilizan e irrumpen en las aulas\u201d.<\/p>\n","protected":false},"excerpt":{"rendered":"<p>Con el objetivo de brindar material a los docentes, la Direcci\u00f3n de Educaci\u00f3n Primaria del Consejo General de Educaci\u00f3n (CGE), presenta en abril el material Memoria a los Veteranos y Ca\u00eddos en la Guerra de Malvinas &nbsp; &nbsp; &nbsp; &nbsp; &nbsp; Este material brinda recursos y materiales para su abordaje y con el fin de aprender a mirar hist\u00f3ricamente bajo el nombre de Puentes entre pasado, presente y futuro: Malvinas, reafirma la soberan\u00eda argentina en el Atl\u00e1ntico Sur, en ocasi\u00f3n del 36 aniversario del conflicto b\u00e9lico y en el marco&#8230;<\/p>\n","protected":false},"author":3,"featured_media":25315,"comment_status":"closed","ping_status":"closed","sticky":false,"template":"","format":"standard","meta":[],"categories":[15],"tags":[],"_links":{"self":[{"href":"https:\/\/www.actualidadadiario.com\/index.php\/wp-json\/wp\/v2\/posts\/25314"}],"collection":[{"href":"https:\/\/www.actualidadadiario.com\/index.php\/wp-json\/wp\/v2\/posts"}],"about":[{"href":"https:\/\/www.actualidadadiario.com\/index.php\/wp-json\/wp\/v2\/types\/post"}],"author":[{"embeddable":true,"href":"https:\/\/www.actualidadadiario.com\/index.php\/wp-json\/wp\/v2\/users\/3"}],"replies":[{"embeddable":true,"href":"https:\/\/www.actualidadadiario.com\/index.php\/wp-json\/wp\/v2\/comments?post=25314"}],"version-history":[{"count":1,"href":"https:\/\/www.actualidadadiario.com\/index.php\/wp-json\/wp\/v2\/posts\/25314\/revisions"}],"predecessor-version":[{"id":25316,"href":"https:\/\/www.actualidadadiario.com\/index.php\/wp-json\/wp\/v2\/posts\/25314\/revisions\/25316"}],"wp:featuredmedia":[{"embeddable":true,"href":"https:\/\/www.actualidadadiario.com\/index.php\/wp-json\/wp\/v2\/media\/25315"}],"wp:attachment":[{"href":"https:\/\/www.actualidadadiario.com\/index.php\/wp-json\/wp\/v2\/media?parent=25314"}],"wp:term":[{"taxonomy":"category","embeddable":true,"href":"https:\/\/www.actualidadadiario.com\/index.php\/wp-json\/wp\/v2\/categories?post=25314"},{"taxonomy":"post_tag","embeddable":true,"href":"https:\/\/www.actualidadadiario.com\/index.php\/wp-json\/wp\/v2\/tags?post=25314"}],"curies":[{"name":"wp","href":"https:\/\/api.w.org\/{rel}","templated":true}]}}