{"id":25311,"date":"2018-03-31T17:33:25","date_gmt":"2018-03-31T20:33:25","guid":{"rendered":"http:\/\/actualidadadiario.com\/site\/?p=25311"},"modified":"2018-11-06T19:48:05","modified_gmt":"2018-11-06T22:48:05","slug":"cada-vez-mas-jubilados-entrerrianos-pagan-menos-impuestos","status":"publish","type":"post","link":"https:\/\/www.actualidadadiario.com\/index.php\/2018\/03\/31\/cada-vez-mas-jubilados-entrerrianos-pagan-menos-impuestos\/","title":{"rendered":"Cada vez m\u00e1s jubilados entrerrianos pagan menos impuestos"},"content":{"rendered":"<p><em><strong>A partir del decreto 396\/18 rubricado por el gobernador Gustavo Bordet, desde abril se ampl\u00eda el valor de los ingresos comprendidos para el otorgamiento de la exenci\u00f3n en el Impuesto Inmobiliario. Se suman a los 13.000 jubilados de menores ingresos que ya gozan del beneficio por quienes no pagaban como correspond\u00eda<\/strong><\/em><\/p>\n<p>&nbsp;<\/p>\n<p>&nbsp;<\/p>\n<p>&nbsp;<\/p>\n<p>&nbsp;<\/p>\n<p>&nbsp;<\/p>\n<p>La Administradora Tributaria de Entre R\u00edos (ATER) inform\u00f3 esta semana la vigencia del Decreto 396\/18 que dispone una ampliaci\u00f3n \u2014a partir del 1 de abril\u2014 de los requisitos de haberes m\u00e1ximos para el otorgamiento de la exenci\u00f3n en el Impuesto Inmobiliario para jubilados.<\/p>\n<p>&nbsp;<\/p>\n<p>La norma, refrendada por el gobernador, eleva a 20.000 pesos los haberes totales por grupo conviviente que se consideran para solicitar la exenci\u00f3n en el Impuesto Inmobiliario Urbano.<\/p>\n<p>&nbsp;<\/p>\n<p>Hasta la fecha, y luego de la reforma tributaria, unos 13.000 jubilados y\/o pensionados, titulares de vivienda \u00fanica, dejaron de pagar el Impuesto Inmobiliario, y que a partir de abril se estima llevar\u00e1 alivio a otros 3000 jubilados al menos.<\/p>\n<p>&nbsp;<\/p>\n<p>El director Ejecutivo de ATER, Sergio Granetto, mostr\u00f3 satisfacci\u00f3n por la decisi\u00f3n y record\u00f3: &#8220;Este beneficio de exenci\u00f3n total del impuesto sobre la vivienda de los jubilados entrerrianos que ha impulsado el gobernador Bordet a trav\u00e9s de la Ley 10557 sancionada en diciembre, implica una menor recaudaci\u00f3n obviamente, que se financia con lo que estamos incorporando en metros cuadrados de mejoras en convenios con los municipios, que se han sumado a este programa que denominamos M2, es decir m\u00e1s metros cuadrados\u201d. Y agreg\u00f3: \u201cConceptualmente esto implica que ampliando la base tributaria es posible financiar la reducci\u00f3n del impuesto para un sector que lo necesita, si bien este es un proceso que lleva tiempo y un proceso de trabajo met\u00f3dico\u201d.<\/p>\n<p>&nbsp;<\/p>\n<p>&nbsp;<\/p>\n<p><strong>M2: Trabajo de ampliaci\u00f3n de base con municipios<\/strong><\/p>\n<p>Desde 2016 ATER lleva adelante un programa denominado M2 que se enfoca en la detecci\u00f3n e incorporaci\u00f3n de mejoras no declaradas que lleva suscrito m\u00e1s de 15 convenios con municipios de la provincia para el intercambio de datos catastrales.<\/p>\n<p>&nbsp;<\/p>\n<p>En relaci\u00f3n a esta metodolog\u00eda, Granetto convoc\u00f3: &#8220;Necesitamos que m\u00e1s intendentes tomen la decisi\u00f3n pol\u00edtica e instruyan a sus equipos de trabajo a comprometerse para que en cada localidad todos paguen equitativamente, eso hace posible que estas medidas puedan ser posible y se vaya bajando la presi\u00f3n tributaria, trabajando de modo articulado como nos ha marcado el gobernador&#8221;.<\/p>\n<p>&nbsp;<\/p>\n<p>&nbsp;<\/p>\n<p><strong>Acerca del tr\u00e1mite del beneficio<\/strong><\/p>\n<p>Desde el \u00e1rea de Interior recordaron que el tr\u00e1mite est\u00e1 destinado a jubilados y pensionados, con ingresos totales de hasta 20.000 pesos por grupo conviviente y titulares de \u00fanica vivienda. El tr\u00e1mite es personal y se puede concurrir a realizarlo en cualquiera de las 50 oficinas de atenci\u00f3n que tiene la ATER en la provincia, portando la documentaci\u00f3n de rigor.<\/p>\n<p>&nbsp;<\/p>\n<p>Para m\u00e1s informaci\u00f3n y requisitos se puede consultar la web del organismo www.ater.gob.ar o comunicarse con el Servicio de Atenci\u00f3n al Contribuyente, llamando al 0810-888-2837 de lunes a viernes de 8:00 a 13:00.<\/p>\n","protected":false},"excerpt":{"rendered":"<p>A partir del decreto 396\/18 rubricado por el gobernador Gustavo Bordet, desde abril se ampl\u00eda el valor de los ingresos comprendidos para el otorgamiento de la exenci\u00f3n en el Impuesto Inmobiliario. Se suman a los 13.000 jubilados de menores ingresos que ya gozan del beneficio por quienes no pagaban como correspond\u00eda &nbsp; &nbsp; &nbsp; &nbsp; &nbsp; La Administradora Tributaria de Entre R\u00edos (ATER) inform\u00f3 esta semana la vigencia del Decreto 396\/18 que dispone una ampliaci\u00f3n \u2014a partir del 1 de abril\u2014 de los requisitos de haberes m\u00e1ximos para el otorgamiento&#8230;<\/p>\n","protected":false},"author":3,"featured_media":25312,"comment_status":"closed","ping_status":"closed","sticky":false,"template":"","format":"standard","meta":[],"categories":[9,15],"tags":[],"_links":{"self":[{"href":"https:\/\/www.actualidadadiario.com\/index.php\/wp-json\/wp\/v2\/posts\/25311"}],"collection":[{"href":"https:\/\/www.actualidadadiario.com\/index.php\/wp-json\/wp\/v2\/posts"}],"about":[{"href":"https:\/\/www.actualidadadiario.com\/index.php\/wp-json\/wp\/v2\/types\/post"}],"author":[{"embeddable":true,"href":"https:\/\/www.actualidadadiario.com\/index.php\/wp-json\/wp\/v2\/users\/3"}],"replies":[{"embeddable":true,"href":"https:\/\/www.actualidadadiario.com\/index.php\/wp-json\/wp\/v2\/comments?post=25311"}],"version-history":[{"count":1,"href":"https:\/\/www.actualidadadiario.com\/index.php\/wp-json\/wp\/v2\/posts\/25311\/revisions"}],"predecessor-version":[{"id":25313,"href":"https:\/\/www.actualidadadiario.com\/index.php\/wp-json\/wp\/v2\/posts\/25311\/revisions\/25313"}],"wp:featuredmedia":[{"embeddable":true,"href":"https:\/\/www.actualidadadiario.com\/index.php\/wp-json\/wp\/v2\/media\/25312"}],"wp:attachment":[{"href":"https:\/\/www.actualidadadiario.com\/index.php\/wp-json\/wp\/v2\/media?parent=25311"}],"wp:term":[{"taxonomy":"category","embeddable":true,"href":"https:\/\/www.actualidadadiario.com\/index.php\/wp-json\/wp\/v2\/categories?post=25311"},{"taxonomy":"post_tag","embeddable":true,"href":"https:\/\/www.actualidadadiario.com\/index.php\/wp-json\/wp\/v2\/tags?post=25311"}],"curies":[{"name":"wp","href":"https:\/\/api.w.org\/{rel}","templated":true}]}}