{"id":2531,"date":"2016-10-12T10:28:43","date_gmt":"2016-10-12T13:28:43","guid":{"rendered":"http:\/\/actualidadadiario.com\/site\/?p=2531"},"modified":"2016-10-12T10:28:43","modified_gmt":"2016-10-12T13:28:43","slug":"distincion-a-una-trayectoria-a-favor-de-la-memoria","status":"publish","type":"post","link":"https:\/\/www.actualidadadiario.com\/index.php\/2016\/10\/12\/distincion-a-una-trayectoria-a-favor-de-la-memoria\/","title":{"rendered":"Distinci\u00f3n a una trayectoria a favor de la memoria"},"content":{"rendered":"<p><em><strong>La UADER otorgar\u00e1 el t\u00edtulo de Doctor Honoris Causa al autor y compositor V\u00edctor Heredia, al cumplirse 30 a\u00f1os de la edici\u00f3n de su obra \u201cTaki Ongoy\u201d. La ceremonia ser\u00e1 en la Escuela Normal de Paran\u00e1, hoy, mi\u00e9rcoles 12 de octubre, a las 17:00<\/strong><\/em><\/p>\n<p>&nbsp;<\/p>\n<p>&nbsp;<\/p>\n<p>&nbsp;<\/p>\n<p>En su car\u00e1cter de universidad p\u00fablica, inclusiva, democr\u00e1tica, participativa y plural, que asume el compromiso de la reivindicaci\u00f3n de los derechos humanos, la problematizaci\u00f3n del pasado reciente y las memorias sociales, la Universidad Aut\u00f3noma de Entre R\u00edos (UADER) resolvi\u00f3 otorgarle a V\u00edctor Heredia el t\u00edtulo de Doctor Honoris Causa.<\/p>\n<p>&nbsp;<\/p>\n<p>La distinci\u00f3n se formalizar\u00e1 en una ceremonia que tendr\u00e1 lugar en Paran\u00e1, en el sal\u00f3n de la Escuela Normal \u201cJos\u00e9 Mar\u00eda Torres\u201d (Urquiza y Corrientes, 1\u00ba piso), este mi\u00e9rcoles 12 de octubre, a las 17:00.<\/p>\n<p>&nbsp;<\/p>\n<p>El reconocimiento honor\u00edfico, impulsado desde la Facultad de Humanidades, Artes y Ciencias Sociales (FHAyCS), tambi\u00e9n se fundamenta en que este a\u00f1o se est\u00e1n cumpliendo treinta a\u00f1os de la edici\u00f3n de \u201cTaki Ongoy\u201d, emblem\u00e1tica obra del autor y compositor argentino que en el contexto de la recuperaci\u00f3n democr\u00e1tica, destap\u00f3 una realidad ignorada o menospreciada: el etnocidio de los pueblos originarios.<\/p>\n<p>&nbsp;<\/p>\n<p>Asimismo, la Universidad quiere reconocer el rol de Heredia como actor involucrado en los debates pol\u00edticos e ideol\u00f3gicos que enriquecen el tiempo hist\u00f3rico, su trabajo a favor de la memoria, sus canciones y su experiencia como activo militante pol\u00edtico.<\/p>\n<p>&nbsp;<\/p>\n<p>En el acto de otorgamiento, una orquesta de la Escuela de M\u00fasica \u201cProf. Constancio Carminio\u201d de la FHAyCS, compartir\u00e1 temas del artista y ser\u00e1 acompa\u00f1ada por \u00e9ste en algunas de esas interpretaciones.<\/p>\n","protected":false},"excerpt":{"rendered":"<p>La UADER otorgar\u00e1 el t\u00edtulo de Doctor Honoris Causa al autor y compositor V\u00edctor Heredia, al cumplirse 30 a\u00f1os de la edici\u00f3n de su obra \u201cTaki Ongoy\u201d. La ceremonia ser\u00e1 en la Escuela Normal de Paran\u00e1, hoy, mi\u00e9rcoles 12 de octubre, a las 17:00 &nbsp; &nbsp; &nbsp; En su car\u00e1cter de universidad p\u00fablica, inclusiva, democr\u00e1tica, participativa y plural, que asume el compromiso de la reivindicaci\u00f3n de los derechos humanos, la problematizaci\u00f3n del pasado reciente y las memorias sociales, la Universidad Aut\u00f3noma de Entre R\u00edos (UADER) resolvi\u00f3 otorgarle a V\u00edctor Heredia&#8230;<\/p>\n","protected":false},"author":3,"featured_media":2435,"comment_status":"closed","ping_status":"closed","sticky":false,"template":"","format":"standard","meta":[],"categories":[4],"tags":[],"_links":{"self":[{"href":"https:\/\/www.actualidadadiario.com\/index.php\/wp-json\/wp\/v2\/posts\/2531"}],"collection":[{"href":"https:\/\/www.actualidadadiario.com\/index.php\/wp-json\/wp\/v2\/posts"}],"about":[{"href":"https:\/\/www.actualidadadiario.com\/index.php\/wp-json\/wp\/v2\/types\/post"}],"author":[{"embeddable":true,"href":"https:\/\/www.actualidadadiario.com\/index.php\/wp-json\/wp\/v2\/users\/3"}],"replies":[{"embeddable":true,"href":"https:\/\/www.actualidadadiario.com\/index.php\/wp-json\/wp\/v2\/comments?post=2531"}],"version-history":[{"count":1,"href":"https:\/\/www.actualidadadiario.com\/index.php\/wp-json\/wp\/v2\/posts\/2531\/revisions"}],"predecessor-version":[{"id":2532,"href":"https:\/\/www.actualidadadiario.com\/index.php\/wp-json\/wp\/v2\/posts\/2531\/revisions\/2532"}],"wp:featuredmedia":[{"embeddable":true,"href":"https:\/\/www.actualidadadiario.com\/index.php\/wp-json\/wp\/v2\/media\/2435"}],"wp:attachment":[{"href":"https:\/\/www.actualidadadiario.com\/index.php\/wp-json\/wp\/v2\/media?parent=2531"}],"wp:term":[{"taxonomy":"category","embeddable":true,"href":"https:\/\/www.actualidadadiario.com\/index.php\/wp-json\/wp\/v2\/categories?post=2531"},{"taxonomy":"post_tag","embeddable":true,"href":"https:\/\/www.actualidadadiario.com\/index.php\/wp-json\/wp\/v2\/tags?post=2531"}],"curies":[{"name":"wp","href":"https:\/\/api.w.org\/{rel}","templated":true}]}}