{"id":25307,"date":"2018-03-28T11:20:10","date_gmt":"2018-03-28T14:20:10","guid":{"rendered":"http:\/\/actualidadadiario.com\/site\/?p=25307"},"modified":"2018-11-06T19:49:15","modified_gmt":"2018-11-06T22:49:15","slug":"el-mensaje-de-apoyo-de-cristina-fuerza-lula","status":"publish","type":"post","link":"https:\/\/www.actualidadadiario.com\/index.php\/2018\/03\/28\/el-mensaje-de-apoyo-de-cristina-fuerza-lula\/","title":{"rendered":"El mensaje de apoyo de Cristina: \u201c\u00a1Fuerza, Lula!\u201d"},"content":{"rendered":"<p><em><strong>La ex mandataria local se solidariz\u00f3 con el ex presidente brasilero, que denunci\u00f3 ayer en su cuenta de Twitter que la caravana en la que viajaba hab\u00eda sido baleada y atacada con piedras y huevazos<\/strong><\/em><\/p>\n<p>&nbsp;<\/p>\n<p>&nbsp;<\/p>\n<p>&nbsp;<\/p>\n<p>El fuerte lazo que une al ex presidente brasilero Lula da Silva y a la ex jefa de Estado argentina Cristina Fern\u00e1ndez de Kirchner, pareciera ser inquebrantable, a pesar del paso del tiempo y los vaivenes judiciales que cada uno enfrenta.<\/p>\n<p>&nbsp;<\/p>\n<p>Los diarios de todo el mundo ayer se hicieron eco del mensaje que public\u00f3 el ex mandatario carioca, en el que denunciaba que la caravana en la que viajaba hab\u00eda sido baleada y atacada con piedras y huevazos.<\/p>\n<p>&nbsp;<\/p>\n<p>Cuatro horas m\u00e1s tarde de haber denunciado lo ocurrido desde su cuenta oficial de Twitter, el brasilero recibi\u00f3 un caluroso apoyo argentino, que culminaba con un afectivo: \u201c\u00a1Fuerza, Lula!\u201d.<\/p>\n<p>&nbsp;<\/p>\n<p>Quien se dirigi\u00f3 a Da Silva fue Cristina Fern\u00e1ndez, una asidua usuaria de esa red social, que no dud\u00f3 en salir a respaldar a su par y que cosech\u00f3 incluso m\u00e1s retweets que el posteo original del brasilero.<\/p>\n<p>&nbsp;<\/p>\n<p>\u201cComo no les alcanza con la persecuci\u00f3n pol\u00edtica y judicial ni con la campa\u00f1a de desprestigio permanente de los medios, ahora van por la violencia. \u00a1Fuerza, Lula!\u201d, plasm\u00f3 Cristina en el mundo virtual.<\/p>\n<p>&nbsp;<\/p>\n<p>Su mensaje fue en respuesta a uno escrito horas antes por Lula, y que dec\u00eda: \u201cNuestra caravana est\u00e1 siendo perseguida por grupos fascistas. Ya arrojaron huevos, piedras. Hoy le dieron un tiro al autob\u00fas\u201d.<\/p>\n<p>&nbsp;<\/p>\n<p>En tanto, entre aquellos que compartieron el mensaje se encontraba el dirigente y senador Lindbergh Far\u00edas, que adem\u00e1s sum\u00f3 una imagen que respalda los dichos de Silva y en la que se pueden ver los orificios de bala, ubicados a un costado del veh\u00edculo, debajo de las ventanillas.<\/p>\n<p>&nbsp;<\/p>\n<p>Asimismo, el coordinador de la caravana, M\u00e1rcio Macedo, asegur\u00f3 que el colectivo que trasladaba a invitados tambi\u00e9n fue atacado a tiros y que a otro rodado le cortaron el neum\u00e1tico con ganchos de metal puntiagudos que fueron lanzados a la ruta.<\/p>\n<p>&nbsp;<\/p>\n<p>\u201cLo que veo ahora es casi el surgimiento del nazismo. Si piensan que hacer esto nos va a asustar, se equivocan. Si quieres vencerme, es simple: Enfr\u00e9ntate a m\u00ed en las urnas y l\u00e1rgate. Lo aceptar\u00e9 como siempre. Ellos no lo aceptan, porque no saben gobernar para el pueblo&#8221;, dijo m\u00e1s tarde el ex jefe de Estado.<\/p>\n","protected":false},"excerpt":{"rendered":"<p>La ex mandataria local se solidariz\u00f3 con el ex presidente brasilero, que denunci\u00f3 ayer en su cuenta de Twitter que la caravana en la que viajaba hab\u00eda sido baleada y atacada con piedras y huevazos &nbsp; &nbsp; &nbsp; El fuerte lazo que une al ex presidente brasilero Lula da Silva y a la ex jefa de Estado argentina Cristina Fern\u00e1ndez de Kirchner, pareciera ser inquebrantable, a pesar del paso del tiempo y los vaivenes judiciales que cada uno enfrenta. &nbsp; Los diarios de todo el mundo ayer se hicieron eco&#8230;<\/p>\n","protected":false},"author":3,"featured_media":25308,"comment_status":"closed","ping_status":"closed","sticky":false,"template":"","format":"standard","meta":[],"categories":[4],"tags":[],"_links":{"self":[{"href":"https:\/\/www.actualidadadiario.com\/index.php\/wp-json\/wp\/v2\/posts\/25307"}],"collection":[{"href":"https:\/\/www.actualidadadiario.com\/index.php\/wp-json\/wp\/v2\/posts"}],"about":[{"href":"https:\/\/www.actualidadadiario.com\/index.php\/wp-json\/wp\/v2\/types\/post"}],"author":[{"embeddable":true,"href":"https:\/\/www.actualidadadiario.com\/index.php\/wp-json\/wp\/v2\/users\/3"}],"replies":[{"embeddable":true,"href":"https:\/\/www.actualidadadiario.com\/index.php\/wp-json\/wp\/v2\/comments?post=25307"}],"version-history":[{"count":1,"href":"https:\/\/www.actualidadadiario.com\/index.php\/wp-json\/wp\/v2\/posts\/25307\/revisions"}],"predecessor-version":[{"id":25309,"href":"https:\/\/www.actualidadadiario.com\/index.php\/wp-json\/wp\/v2\/posts\/25307\/revisions\/25309"}],"wp:featuredmedia":[{"embeddable":true,"href":"https:\/\/www.actualidadadiario.com\/index.php\/wp-json\/wp\/v2\/media\/25308"}],"wp:attachment":[{"href":"https:\/\/www.actualidadadiario.com\/index.php\/wp-json\/wp\/v2\/media?parent=25307"}],"wp:term":[{"taxonomy":"category","embeddable":true,"href":"https:\/\/www.actualidadadiario.com\/index.php\/wp-json\/wp\/v2\/categories?post=25307"},{"taxonomy":"post_tag","embeddable":true,"href":"https:\/\/www.actualidadadiario.com\/index.php\/wp-json\/wp\/v2\/tags?post=25307"}],"curies":[{"name":"wp","href":"https:\/\/api.w.org\/{rel}","templated":true}]}}