{"id":25304,"date":"2018-03-28T11:19:22","date_gmt":"2018-03-28T14:19:22","guid":{"rendered":"http:\/\/actualidadadiario.com\/site\/?p=25304"},"modified":"2018-11-06T19:47:50","modified_gmt":"2018-11-06T22:47:50","slug":"balearon-la-caravana-de-lula-da-silva","status":"publish","type":"post","link":"https:\/\/www.actualidadadiario.com\/index.php\/2018\/03\/28\/balearon-la-caravana-de-lula-da-silva\/","title":{"rendered":"Balearon la caravana de Lula da Silva"},"content":{"rendered":"<p><em><strong>Seg\u00fan report\u00f3 el propio ex mandatario, dos de los 3 \u00f3mnibus que lo acompa\u00f1an fueron atacados a tiros y piedrazos<\/strong><\/em><\/p>\n<p>&nbsp;<\/p>\n<p>&nbsp;<\/p>\n<p>&nbsp;<\/p>\n<p>&nbsp;<\/p>\n<p>El expresidente Luiz In\u00e1cio Lula da Silva, quien a\u00fan est\u00e1 afrontando un proceso judicial, se encuentra recorriendo el sur del Brasil de cara a las pr\u00f3ximas elecciones presidenciales. Sin embargo, durante su caravana proselitista, dos de los tres \u00f3mnibus que lo acompa\u00f1an fueron baleados. Asimismo, seg\u00fan asegur\u00f3 el ex mandatario, no se registraron heridos.<\/p>\n<p>&nbsp;<\/p>\n<p>&#8220;La caravana del expresidente Lula en el sur del pa\u00eds acaba de ser alcanzada por al menos tres tiros mientras viajaba sin escolta policial entre las ciudades Quedas do Iguaz\u00fa y Laranjeiras do Sul (en el estado Paran\u00e1); dos buses fueron alcanzados, nadie result\u00f3 herido&#8221;, afirm\u00f3 el ex presidente mediante su cuenta oficial de Twitter.<\/p>\n<p>&nbsp;<\/p>\n<p>El mensaje fue replicado por varios seguidores, siendo que el dirigente y senador Lindbergh Far\u00edas, fue uno de ellos. El parlamentario, adem\u00e1s de las palabras, sum\u00f3 una imagen que evidencia los orificios de bala, ubicados a un costado del veh\u00edculo, debajo de las ventanillas. Seg\u00fan el diario Folha de Sao Paulo, el \u00faltimo de los colectivos de la caravana, que era tripulado por periodistas, recibi\u00f3 dos balazos, uno a cada lado del \u00f3mnibus, y sufri\u00f3 un vidrio roto.<\/p>\n<p>&nbsp;<\/p>\n<p>En tanto, seg\u00fan el coordinador de la caravana, M\u00e1rcio Macedo, el colectivo que trasladaba a invitados tambi\u00e9n fue objeto del ataque a tiros, siendo que se registr\u00f3 un orificio de bala en uno de los costados. Incluso, el neum\u00e1tico de uno de los \u00f3mnibus fue cortado por ganchos de metal puntiagudos que fueron lanzados a la ruta.<\/p>\n<p>&nbsp;<\/p>\n<p>Lejos de cambiar su postura, Lula asegur\u00f3, mediante redes sociales, &#8220;lo que veo ahora es casi el surgimiento del nazismo. Si piensan que hacer esto nos va a asustar, se equivocan&#8221;, y agreg\u00f3: &#8220;Si quieres vencerme, es simple: Enfr\u00e9ntate a m\u00ed en las urnas y l\u00e1rgate. Lo aceptar\u00e9 como siempre. Ellos no lo aceptan, porque no saben gobernar para el pueblo&#8221;<\/p>\n<p>&nbsp;<\/p>\n<p>&#8220;Incluso si s\u00f3lo tengo un minuto para vivir de ahora en adelante, ese minuto se dedicar\u00e1 a luchar por la dignidad del pueblo brasile\u00f1o. \u00a1Un abrazo, gente!&#8221;, continu\u00f3 el ex mandatario y a\u00f1adi\u00f3: &#8220;Si creen que con las piedras y los tiros sacudir\u00e1n mi disposici\u00f3n para luchar, est\u00e1n equivocados. El d\u00eda que mi garganta ya no grite, gritar\u00e9 por tu garganta&#8221;<\/p>\n<p>&nbsp;<\/p>\n<p>De todas maneras, desde el partido que lidera el ex mandatario destacaron que Lula fue recibido positivamente, en horas del mediod\u00eda, en Quedas do Igua\u00e7u. Sin embargo, salvando las distancias entre los niveles de violencia, esta no es la primera vez que el ex presidente brasilero padece el descontento, ya que el domingo pasado, le arrojaron huevos y piedras a los colectivos de la caravana y rompieron una ventana del veh\u00edculo en el que viajaba el propio ex presidente.<\/p>\n","protected":false},"excerpt":{"rendered":"<p>Seg\u00fan report\u00f3 el propio ex mandatario, dos de los 3 \u00f3mnibus que lo acompa\u00f1an fueron atacados a tiros y piedrazos &nbsp; &nbsp; &nbsp; &nbsp; El expresidente Luiz In\u00e1cio Lula da Silva, quien a\u00fan est\u00e1 afrontando un proceso judicial, se encuentra recorriendo el sur del Brasil de cara a las pr\u00f3ximas elecciones presidenciales. Sin embargo, durante su caravana proselitista, dos de los tres \u00f3mnibus que lo acompa\u00f1an fueron baleados. Asimismo, seg\u00fan asegur\u00f3 el ex mandatario, no se registraron heridos. &nbsp; &#8220;La caravana del expresidente Lula en el sur del pa\u00eds acaba&#8230;<\/p>\n","protected":false},"author":3,"featured_media":25305,"comment_status":"closed","ping_status":"closed","sticky":false,"template":"","format":"standard","meta":[],"categories":[4],"tags":[],"_links":{"self":[{"href":"https:\/\/www.actualidadadiario.com\/index.php\/wp-json\/wp\/v2\/posts\/25304"}],"collection":[{"href":"https:\/\/www.actualidadadiario.com\/index.php\/wp-json\/wp\/v2\/posts"}],"about":[{"href":"https:\/\/www.actualidadadiario.com\/index.php\/wp-json\/wp\/v2\/types\/post"}],"author":[{"embeddable":true,"href":"https:\/\/www.actualidadadiario.com\/index.php\/wp-json\/wp\/v2\/users\/3"}],"replies":[{"embeddable":true,"href":"https:\/\/www.actualidadadiario.com\/index.php\/wp-json\/wp\/v2\/comments?post=25304"}],"version-history":[{"count":1,"href":"https:\/\/www.actualidadadiario.com\/index.php\/wp-json\/wp\/v2\/posts\/25304\/revisions"}],"predecessor-version":[{"id":25306,"href":"https:\/\/www.actualidadadiario.com\/index.php\/wp-json\/wp\/v2\/posts\/25304\/revisions\/25306"}],"wp:featuredmedia":[{"embeddable":true,"href":"https:\/\/www.actualidadadiario.com\/index.php\/wp-json\/wp\/v2\/media\/25305"}],"wp:attachment":[{"href":"https:\/\/www.actualidadadiario.com\/index.php\/wp-json\/wp\/v2\/media?parent=25304"}],"wp:term":[{"taxonomy":"category","embeddable":true,"href":"https:\/\/www.actualidadadiario.com\/index.php\/wp-json\/wp\/v2\/categories?post=25304"},{"taxonomy":"post_tag","embeddable":true,"href":"https:\/\/www.actualidadadiario.com\/index.php\/wp-json\/wp\/v2\/tags?post=25304"}],"curies":[{"name":"wp","href":"https:\/\/api.w.org\/{rel}","templated":true}]}}