{"id":25301,"date":"2018-03-28T11:18:38","date_gmt":"2018-03-28T14:18:38","guid":{"rendered":"http:\/\/actualidadadiario.com\/site\/?p=25301"},"modified":"2018-11-06T19:48:28","modified_gmt":"2018-11-06T22:48:28","slug":"cumbre-del-poder-popular-la-poderosa-recibio-a-podemos-en-la-villa-zavaleta","status":"publish","type":"post","link":"https:\/\/www.actualidadadiario.com\/index.php\/2018\/03\/28\/cumbre-del-poder-popular-la-poderosa-recibio-a-podemos-en-la-villa-zavaleta\/","title":{"rendered":"Cumbre del Poder Popular: La Poderosa recibi\u00f3 a Podemos en la villa Zavaleta"},"content":{"rendered":"<p><em><strong>Integrantes del partido espa\u00f1ol Podemos, con el diputado y secretario de Movimientos Sociales Rafael Mayoral a la cabeza, visitaron hoy a La Poderosa en Zavaleta. &#8220;Ning\u00fan cambio pol\u00edtico vendr\u00e1 de alg\u00fan dirigente, sino de la mano de la gente trabajadora&#8221;, asegur\u00f3<\/strong><\/em><\/p>\n<p>&nbsp;<\/p>\n<p>&nbsp;<\/p>\n<p>&nbsp;<\/p>\n<p>&nbsp;<\/p>\n<p>Integrantes del partido espa\u00f1ol Podemos, con el diputado y secretario de Movimientos Sociales Rafael Mayoral a la cabeza, visitaron hoy a La Poderosa en Zavaleta para tender puentes entre ambos movimientos y afianzar la base en ambos continentes.<\/p>\n<p>&nbsp;<\/p>\n<p>Mayoral se refiri\u00f3 a la construcci\u00f3n que est\u00e1 llevando La Poderosa en 79 villas de todas las provincias argentinas y en varios pa\u00edses de Am\u00e9rica Latina: \u201cEn primer lugar, son un ejemplo de construcci\u00f3n popular que es importante que se conozca en el mundo. En segundo lugar, la l\u00f3gica de organizaci\u00f3n es la base por la cual merece la pena militar: construir una vida diferente y pelear por los derechos de la gente. Y por si fuera poco, hay otra cuesti\u00f3n clave que es la reapropiaci\u00f3n de la comunicaci\u00f3n por parte de los sectores populares\u201d.<\/p>\n<p>&nbsp;<\/p>\n<p>El diputado, quien es una de las referencias del partido de izquierda espa\u00f1ol, continu\u00f3: \u201cDesde ac\u00e1, ustedes le dan muchas lecciones a se\u00f1ores y se\u00f1oras sesudos que buscan dar c\u00e1tedra de c\u00f3mo son las cosas, cuando las cosas, en realidad, se cambian haciendo. Y decir, tambi\u00e9n es una forma de hacer. Como bien lo reafirman, los barrios no est\u00e1n compuestos por gente sin voz, sino que no tiene micr\u00f3fono ni imprentas ni medios, pero son ustedes mismos quienes los est\u00e1n construyendo para construir el mundo que necesitamos ahora\u201d.<\/p>\n<p>&nbsp;<\/p>\n<p>Por su parte, Nacho Levy, referente de La Poderosa, expres\u00f3: \u201cDesde que sabemos que se llamaban Podemos, y nosotros nos sabemos poderosos, siempre deseamos cruzarnos en alg\u00fan momento, y no nos imagin\u00e1bamos que ser\u00eda ac\u00e1. El agradecimiento es genuino y postergado, porque nosotros buscamos la construcci\u00f3n de la patria grande, y sobre todo de la patria baja. Ojal\u00e1 que esto sea un punto de partida y no una an\u00e9cdota. Para nosotros era importante que nos conocieran as\u00ed\u201d.<\/p>\n<p>&nbsp;<\/p>\n<p>En ese sentido, lanz\u00f3 una invitaci\u00f3n: \u201cHay asambleas poderosas en muchos pa\u00edses de Latinoam\u00e9rica que el 28 y 29 de julio nos encontraremos en Brasil, por todo lo que sabemos que se juega ah\u00ed. All\u00ed, en una cumbre de base que formaremos maestros villeros, comunicadores populares y referentes de Derechos Humanos, vamos a reconstruir lo que ellos fueron dividiendo. Hay una identidad com\u00fan que es la Am\u00e9rica latina, y nos gustar\u00eda que puedan estar en nuestro foro\u201d.<\/p>\n<p>&nbsp;<\/p>\n<p>Tras aceptar la invitaci\u00f3n, Mayoral cerr\u00f3 el encuentro: \u201cMe ha gustado mucho el concepto de La Patria Baja. Ning\u00fan cambio pol\u00edtico vendr\u00e1 de alg\u00fan dirigente, sino de la mano de la gente trabajadora. Y si alg\u00fan compa\u00f1ero o compa\u00f1era tiene la tarea de conducir, debe hacerlo obedeciendo lo que se articula desde las comunidades, como lo hacen ustedes\u201d.<\/p>\n","protected":false},"excerpt":{"rendered":"<p>Integrantes del partido espa\u00f1ol Podemos, con el diputado y secretario de Movimientos Sociales Rafael Mayoral a la cabeza, visitaron hoy a La Poderosa en Zavaleta. &#8220;Ning\u00fan cambio pol\u00edtico vendr\u00e1 de alg\u00fan dirigente, sino de la mano de la gente trabajadora&#8221;, asegur\u00f3 &nbsp; &nbsp; &nbsp; &nbsp; Integrantes del partido espa\u00f1ol Podemos, con el diputado y secretario de Movimientos Sociales Rafael Mayoral a la cabeza, visitaron hoy a La Poderosa en Zavaleta para tender puentes entre ambos movimientos y afianzar la base en ambos continentes. &nbsp; Mayoral se refiri\u00f3 a la construcci\u00f3n&#8230;<\/p>\n","protected":false},"author":3,"featured_media":25302,"comment_status":"closed","ping_status":"closed","sticky":false,"template":"","format":"standard","meta":[],"categories":[4],"tags":[],"_links":{"self":[{"href":"https:\/\/www.actualidadadiario.com\/index.php\/wp-json\/wp\/v2\/posts\/25301"}],"collection":[{"href":"https:\/\/www.actualidadadiario.com\/index.php\/wp-json\/wp\/v2\/posts"}],"about":[{"href":"https:\/\/www.actualidadadiario.com\/index.php\/wp-json\/wp\/v2\/types\/post"}],"author":[{"embeddable":true,"href":"https:\/\/www.actualidadadiario.com\/index.php\/wp-json\/wp\/v2\/users\/3"}],"replies":[{"embeddable":true,"href":"https:\/\/www.actualidadadiario.com\/index.php\/wp-json\/wp\/v2\/comments?post=25301"}],"version-history":[{"count":1,"href":"https:\/\/www.actualidadadiario.com\/index.php\/wp-json\/wp\/v2\/posts\/25301\/revisions"}],"predecessor-version":[{"id":25303,"href":"https:\/\/www.actualidadadiario.com\/index.php\/wp-json\/wp\/v2\/posts\/25301\/revisions\/25303"}],"wp:featuredmedia":[{"embeddable":true,"href":"https:\/\/www.actualidadadiario.com\/index.php\/wp-json\/wp\/v2\/media\/25302"}],"wp:attachment":[{"href":"https:\/\/www.actualidadadiario.com\/index.php\/wp-json\/wp\/v2\/media?parent=25301"}],"wp:term":[{"taxonomy":"category","embeddable":true,"href":"https:\/\/www.actualidadadiario.com\/index.php\/wp-json\/wp\/v2\/categories?post=25301"},{"taxonomy":"post_tag","embeddable":true,"href":"https:\/\/www.actualidadadiario.com\/index.php\/wp-json\/wp\/v2\/tags?post=25301"}],"curies":[{"name":"wp","href":"https:\/\/api.w.org\/{rel}","templated":true}]}}