{"id":25298,"date":"2018-03-28T11:17:53","date_gmt":"2018-03-28T14:17:53","guid":{"rendered":"http:\/\/actualidadadiario.com\/site\/?p=25298"},"modified":"2018-11-06T19:48:57","modified_gmt":"2018-11-06T22:48:57","slug":"el-crimen-de-una-sobreviviente-del-holocausto-conmociona-a-francia","status":"publish","type":"post","link":"https:\/\/www.actualidadadiario.com\/index.php\/2018\/03\/28\/el-crimen-de-una-sobreviviente-del-holocausto-conmociona-a-francia\/","title":{"rendered":"El crimen de una sobreviviente del Holocausto conmociona a Francia"},"content":{"rendered":"<p><em><strong>Hay dos arrestados, sospechosos de haber asesinado a Mireille Knoll. Siendo ni\u00f1a hab\u00eda escapado de la masacre de jud\u00edos del nazismo. Su historia<\/strong><\/em><\/p>\n<p>&nbsp;<\/p>\n<p>&nbsp;<\/p>\n<p>&nbsp;<\/p>\n<p>Dos hombres fueron arrestados este martes en Francia, sospechados de haber asesinado a Mireiller Knoll, una francesa sobreviviente del Holocausto, de 85 a\u00f1os. La justicia francesa los acusa de homicidio premeditado con motivo de la pertenencia presunta o efectiva de la v\u00edctima a una religi\u00f3n, en un hecho que caus\u00f3 indignaci\u00f3n en Francia.<\/p>\n<p>&nbsp;<\/p>\n<p>El jefe de Estado franc\u00e9s, Emmanuel Macron, se refiri\u00f3 al asesinato de Knoll como un &#8220;crimen horrible&#8221; y asegur\u00f3 que impulsar\u00e1 una lucha decidida contra el antisemitismo. El ministro del Interior, G\u00e9rard Collomb, dio a conocer que se hace todo lo que est\u00e1 al alcance &#8220;para investigar a los autores de este b\u00e1rbaro crimen&#8221;.<\/p>\n<p>&nbsp;<\/p>\n<p>La anciana jud\u00eda fue encontrada muerta el pasado viernes en su vivienda incendiada en Par\u00eds, seg\u00fan un comunicado del Consejo Representativo de Instituciones Jud\u00edas de Francia (CRIF). De acuerdo con el diario Le Parisien, en su cad\u00e1ver parcialmente carbonizado se hallaron rastros de cuchilladas. Knoll viv\u00eda en un edificio de diez pisos en el distrito 11 de Par\u00eds.<\/p>\n<p>&nbsp;<\/p>\n<p>Seg\u00fan las investigaciones judiciales, los sospechosos tienen 29 y 22 a\u00f1os y tambi\u00e9n se los acusa de robo y da\u00f1os agravados. Seg\u00fan el citado peri\u00f3dico franc\u00e9s, el mayor de los sospechosos era vecino de Knoll y ya estuvo en la c\u00e1rcel por un ataque sexual a una menor. Una de las nietas de Knoll, Jessica, dijo a la radio del Ej\u00e9rcito israel\u00ed que su abuela conoc\u00eda al vecino sospechoso desde hac\u00eda 20 a\u00f1os. &#8220;Lo vio crecer&#8221;, relat\u00f3. El sol\u00eda ir con frecuencia a su departamento, &#8220;y ella afirmaba que era un hombre simp\u00e1tico&#8221;, agreg\u00f3.<\/p>\n<p>&nbsp;<\/p>\n<p>&nbsp;<\/p>\n<p><strong>Una superviviente<\/strong><\/p>\n<p>Mireille Knoll, de 86 a\u00f1os, naci\u00f3 en 1932. Era una ni\u00f1a cuando, a mediados de 1942, la polic\u00eda francesa en colaboraci\u00f3n con las fuerzas alemanas detuvieron a unos 13.200 franceses jud\u00edos en el Vel\u00f3dromo de Invierno de Par\u00eds. La mayor\u00eda de ellos fueron posteriormente llevados al campo de concentraci\u00f3n de Auschwitz, donde fueron asesinados, pero Mireille pudo salvarse a \u00faltimo minuto gracias a que su madre ten\u00eda un pasaporte brasile\u00f1o.<\/p>\n<p>&nbsp;<\/p>\n<p>La denominada \u201cRedada del Vel\u00f3dromo de Invierno\u201d fue la mayor detenci\u00f3n de jud\u00edos que tuvo lugar en Francia durante la Segunda Guerra Mundial. La SS alemana hab\u00eda establecido inicialmente que la redada s\u00f3lo incluyera adultos de ambos sexos, pero la Polic\u00eda francesa decidi\u00f3 incluir a los ni\u00f1os de 2 a 12 a\u00f1os, pese a que muchos de ellos hab\u00edan nacido en Francia. La mayor parte de los franceses se mantuvo indiferente a la suerte de sus compatriotas jud\u00edos.<\/p>\n<p>&nbsp;<\/p>\n<p>&nbsp;<\/p>\n<p><strong>Estupor en Israel<\/strong><\/p>\n<p>El Estado de Israel consider\u00f3 como algo particularmente indignante que Mireille Knoll sobreviviera el Holocausto y luego encontrara una muerte tan terrible. &#8220;El b\u00e1rbaro asesinato de Mireille Knoll, que escap\u00f3 de la Razia del Vel\u00f3dromo de Invierno, nos recuerda de manera tr\u00e1gica hacia d\u00f3nde nos conduce el odio a los jud\u00edos&#8221;, expres\u00f3 la embajada israel\u00ed en Francia a trav\u00e9s de Twitter.<\/p>\n<p>&nbsp;<\/p>\n<p>El ministro de Educaci\u00f3n israel\u00ed, Naftali Bennett, inst\u00f3 a Francia a proteger a sus ciudadanos jud\u00edos. &#8220;En Francia, al igual que en el resto de Europa, el antisemitismo debe ser combatido con acciones y no con palabras&#8221;, apunt\u00f3. De acuerdo con las m\u00e1s recientes estimaciones, actualmente viven unos 456.000 jud\u00edos en Francia, en lo que constituye la mayor comunidad jud\u00eda de Europa.<\/p>\n<p>&nbsp;<\/p>\n<p>&nbsp;<\/p>\n<p><strong>Antisemitismo latente<\/strong><\/p>\n<p>La comunidad jud\u00eda de Francia, de m\u00e1s de medio mill\u00f3n de personas, fue blanco de varios ataques islamistas en los \u00faltimos a\u00f1os y ha denunciado un ascenso de actos violentos antisemitas. El mes pasado, un juez confirm\u00f3 que el asesinato de Sarah Halimi, una jud\u00eda ortodoxa de 65 a\u00f1os que fue defenestrada en abril de 2017, fue de car\u00e1cter antisemita.<\/p>\n<p>&nbsp;<\/p>\n<p>Aunque el n\u00famero de actos antisemitas se redujo en 2017, ese tipo de acciones sigue siendo importante y la comunidad jud\u00eda de Francia, que representa menos del 1% de la poblaci\u00f3n, es objeto de la tercera parte de los actos de odio en el pa\u00eds. Desde 2006 y el asesinato de Ilan Halimi, torturado por un grupo denominado &#8220;La banda de los b\u00e1rbaros&#8221;, 11 personas fueron asesinadas en Francia por ser jud\u00edas, seg\u00fan los responsables de esa comunidad.<\/p>\n","protected":false},"excerpt":{"rendered":"<p>Hay dos arrestados, sospechosos de haber asesinado a Mireille Knoll. Siendo ni\u00f1a hab\u00eda escapado de la masacre de jud\u00edos del nazismo. Su historia &nbsp; &nbsp; &nbsp; Dos hombres fueron arrestados este martes en Francia, sospechados de haber asesinado a Mireiller Knoll, una francesa sobreviviente del Holocausto, de 85 a\u00f1os. La justicia francesa los acusa de homicidio premeditado con motivo de la pertenencia presunta o efectiva de la v\u00edctima a una religi\u00f3n, en un hecho que caus\u00f3 indignaci\u00f3n en Francia. &nbsp; El jefe de Estado franc\u00e9s, Emmanuel Macron, se refiri\u00f3 al&#8230;<\/p>\n","protected":false},"author":3,"featured_media":25299,"comment_status":"closed","ping_status":"closed","sticky":false,"template":"","format":"standard","meta":[],"categories":[4],"tags":[],"_links":{"self":[{"href":"https:\/\/www.actualidadadiario.com\/index.php\/wp-json\/wp\/v2\/posts\/25298"}],"collection":[{"href":"https:\/\/www.actualidadadiario.com\/index.php\/wp-json\/wp\/v2\/posts"}],"about":[{"href":"https:\/\/www.actualidadadiario.com\/index.php\/wp-json\/wp\/v2\/types\/post"}],"author":[{"embeddable":true,"href":"https:\/\/www.actualidadadiario.com\/index.php\/wp-json\/wp\/v2\/users\/3"}],"replies":[{"embeddable":true,"href":"https:\/\/www.actualidadadiario.com\/index.php\/wp-json\/wp\/v2\/comments?post=25298"}],"version-history":[{"count":1,"href":"https:\/\/www.actualidadadiario.com\/index.php\/wp-json\/wp\/v2\/posts\/25298\/revisions"}],"predecessor-version":[{"id":25300,"href":"https:\/\/www.actualidadadiario.com\/index.php\/wp-json\/wp\/v2\/posts\/25298\/revisions\/25300"}],"wp:featuredmedia":[{"embeddable":true,"href":"https:\/\/www.actualidadadiario.com\/index.php\/wp-json\/wp\/v2\/media\/25299"}],"wp:attachment":[{"href":"https:\/\/www.actualidadadiario.com\/index.php\/wp-json\/wp\/v2\/media?parent=25298"}],"wp:term":[{"taxonomy":"category","embeddable":true,"href":"https:\/\/www.actualidadadiario.com\/index.php\/wp-json\/wp\/v2\/categories?post=25298"},{"taxonomy":"post_tag","embeddable":true,"href":"https:\/\/www.actualidadadiario.com\/index.php\/wp-json\/wp\/v2\/tags?post=25298"}],"curies":[{"name":"wp","href":"https:\/\/api.w.org\/{rel}","templated":true}]}}