{"id":25295,"date":"2018-03-28T11:17:12","date_gmt":"2018-03-28T14:17:12","guid":{"rendered":"http:\/\/actualidadadiario.com\/site\/?p=25295"},"modified":"2018-11-06T19:50:16","modified_gmt":"2018-11-06T22:50:16","slug":"la-advertencia-de-steve-jobs-que-zuckerberg-no-tuvo-en-cuenta","status":"publish","type":"post","link":"https:\/\/www.actualidadadiario.com\/index.php\/2018\/03\/28\/la-advertencia-de-steve-jobs-que-zuckerberg-no-tuvo-en-cuenta\/","title":{"rendered":"La advertencia de Steve Jobs que Zuckerberg no tuvo en cuenta"},"content":{"rendered":"<p><em><strong>El jefe de Apple le aconsej\u00f3 que fuera m\u00e1s abierto y franco con sus usuarios<\/strong><\/em><\/p>\n<p>&nbsp;<\/p>\n<p>&nbsp;<\/p>\n<p>&nbsp;<\/p>\n<p>&nbsp;<\/p>\n<p>Facebook se est\u00e1 enfrentando a una de las mayores crisis desde que se fund\u00f3 en 2004. La semana pasada el CEO de la compa\u00f1\u00eda Mark Zuckerberg pidi\u00f3 disculpas a trav\u00e9s de la prensa brit\u00e1nica a todos los usuarios de la red, despu\u00e9s de descubrirse que una consultora pol\u00edtica utiliz\u00f3 datos de 50 millones de usuarios.<\/p>\n<p>&nbsp;<\/p>\n<p>En este contexto, algunos medios han recuperado una entrevista de 2008 a Steve Jobs en que enviaba un mensaje directo a Zuckerberg acerca de la privacidad, en un momento en el que la red social ya hac\u00eda frente a una crisis por sus pol\u00edticas de protecci\u00f3n de datos.<\/p>\n<p>&nbsp;<\/p>\n<p>En la entrevista concedida en el marco de la conferencia de la publicaci\u00f3n All Things Digital, de The Wall Street Journal, Steve Jobs lanz\u00f3 este mensaje a Zuckerberg que le escuchaba desde la audiencia: \u201cpregunta [a los usuarios] si quieren compartir sus datos y expl\u00edcales de forma precisa qu\u00e9 vas a hacer con ellos\u201d.<\/p>\n<p>&nbsp;<\/p>\n<p>Seg\u00fan el jefe de Apple \u201calgunas personas quieren compartir m\u00e1s datos que otras\u201d y las redes sociales deben explicar a sus usuarios \u201cde forma clara y repetitiva\u201d qu\u00e9 est\u00e1n firmando cuando aceptan las condiciones de uso.<\/p>\n<p>&nbsp;<\/p>\n<p>En la misma entrevista Steve Jobs apuntaba ya a la divisi\u00f3n de opiniones entre las empresas de Silicon Valley acerca del uso de datos personales de los usuarios: \u201c[En Apple] nos aseguramos de que las personas sepan qu\u00e9 est\u00e1n haciendo las aplicaciones\u201d.<\/p>\n<p>&nbsp;<\/p>\n<p>Por ejemplo, la compa\u00f1\u00eda de Cupertino obliga a los desarrolladores de aplicaciones a notificar a los usuarios si la app tiene acceso a datos del tel\u00e9fono y a pedir permiso expl\u00edcito para acceder a prestaciones como la c\u00e1mara, el micr\u00f3fono, el GPS o el carrete de fotos.<\/p>\n<p>&nbsp;<\/p>\n<p>En 2008 Facebook ten\u00eda 500 millones de usuarios, una cuarta parte de los que tiene en la actualidad, y hac\u00eda frente a una de sus muchas crisis desatadas por sus pol\u00edticas de privacidad de los datos de sus usuarios. Junto a Google, eran la diana de las cr\u00edticas a Silicon Valley por como manejaban esta informaci\u00f3n sensible.<\/p>\n<p>&nbsp;<\/p>\n<p>A parte de las crisis mencionadas, tambi\u00e9n en 2010 y en 2014 la red social tuvo que hacer cambios en sus pol\u00edticas de privacidad presionada por la reprobaci\u00f3n de miles de usuarios. Zuckerberg reconoce que se ha creado una \u201cbrecha de confianza entre Facebook y las personas que comparten sus datos y esperan que sean protegidos\u201d.<\/p>\n","protected":false},"excerpt":{"rendered":"<p>El jefe de Apple le aconsej\u00f3 que fuera m\u00e1s abierto y franco con sus usuarios &nbsp; &nbsp; &nbsp; &nbsp; Facebook se est\u00e1 enfrentando a una de las mayores crisis desde que se fund\u00f3 en 2004. La semana pasada el CEO de la compa\u00f1\u00eda Mark Zuckerberg pidi\u00f3 disculpas a trav\u00e9s de la prensa brit\u00e1nica a todos los usuarios de la red, despu\u00e9s de descubrirse que una consultora pol\u00edtica utiliz\u00f3 datos de 50 millones de usuarios. &nbsp; En este contexto, algunos medios han recuperado una entrevista de 2008 a Steve Jobs en&#8230;<\/p>\n","protected":false},"author":3,"featured_media":25296,"comment_status":"closed","ping_status":"closed","sticky":false,"template":"","format":"standard","meta":[],"categories":[4],"tags":[],"_links":{"self":[{"href":"https:\/\/www.actualidadadiario.com\/index.php\/wp-json\/wp\/v2\/posts\/25295"}],"collection":[{"href":"https:\/\/www.actualidadadiario.com\/index.php\/wp-json\/wp\/v2\/posts"}],"about":[{"href":"https:\/\/www.actualidadadiario.com\/index.php\/wp-json\/wp\/v2\/types\/post"}],"author":[{"embeddable":true,"href":"https:\/\/www.actualidadadiario.com\/index.php\/wp-json\/wp\/v2\/users\/3"}],"replies":[{"embeddable":true,"href":"https:\/\/www.actualidadadiario.com\/index.php\/wp-json\/wp\/v2\/comments?post=25295"}],"version-history":[{"count":1,"href":"https:\/\/www.actualidadadiario.com\/index.php\/wp-json\/wp\/v2\/posts\/25295\/revisions"}],"predecessor-version":[{"id":25297,"href":"https:\/\/www.actualidadadiario.com\/index.php\/wp-json\/wp\/v2\/posts\/25295\/revisions\/25297"}],"wp:featuredmedia":[{"embeddable":true,"href":"https:\/\/www.actualidadadiario.com\/index.php\/wp-json\/wp\/v2\/media\/25296"}],"wp:attachment":[{"href":"https:\/\/www.actualidadadiario.com\/index.php\/wp-json\/wp\/v2\/media?parent=25295"}],"wp:term":[{"taxonomy":"category","embeddable":true,"href":"https:\/\/www.actualidadadiario.com\/index.php\/wp-json\/wp\/v2\/categories?post=25295"},{"taxonomy":"post_tag","embeddable":true,"href":"https:\/\/www.actualidadadiario.com\/index.php\/wp-json\/wp\/v2\/tags?post=25295"}],"curies":[{"name":"wp","href":"https:\/\/api.w.org\/{rel}","templated":true}]}}