{"id":2528,"date":"2016-10-12T10:24:16","date_gmt":"2016-10-12T13:24:16","guid":{"rendered":"http:\/\/actualidadadiario.com\/site\/?p=2528"},"modified":"2016-10-12T10:24:16","modified_gmt":"2016-10-12T13:24:16","slug":"correa-pidio-que-el-dialogo-de-paz-con-el-eln-sea-corto-y-contundente","status":"publish","type":"post","link":"https:\/\/www.actualidadadiario.com\/index.php\/2016\/10\/12\/correa-pidio-que-el-dialogo-de-paz-con-el-eln-sea-corto-y-contundente\/","title":{"rendered":"Correa pidi\u00f3 que el di\u00e1logo de paz con el ELN sea &#8220;corto y contundente&#8221;"},"content":{"rendered":"<p><em><strong>El presidente de Ecuador consider\u00f3 &#8220;cruciales&#8221; las negociaciones por el peligro que las FARC retomaran las armas tras el triunfo del no en el plebiscito<\/strong><\/em><\/p>\n<p>&nbsp;<\/p>\n<p>&nbsp;<\/p>\n<p>&nbsp;<\/p>\n<p>El presidente de Ecuador, Rafael Correa, dijo que espera que las conversaciones de paz entre el Gobierno de Colombia y el Ej\u00e9rcito de Liberaci\u00f3n Nacional (ELN) sean &#8220;cortas y contundentes&#8221; y las consider\u00f3 &#8220;cruciales&#8221; debido a que hab\u00eda mucho peligro que las FARC retomaran las armas despu\u00e9s del desfavorable resultado del plebiscito.<\/p>\n<p>&#8220;Ojal\u00e1 sean cortas, contundentes y exitosas para sellar la paz definitiva de nuestra querida Colombia&#8221;, declar\u00f3 el presidente ante periodistas en la provincia costera de Manab\u00ed.<\/p>\n<p>Se\u00f1al\u00f3 que para definir a Quito como sede de los di\u00e1logos formales y para establecer la fecha de inicio de las conversaciones, las dos partes actuaron con &#8220;absoluta libertad&#8221; y reiter\u00f3 que Ecuador est\u00e1 &#8220;a las \u00f3rdenes de Colombia&#8221; para lo que se requiera en este proceso.<\/p>\n<p>&nbsp;<\/p>\n<p>Correa coment\u00f3 que por lo bien organizadas que estuvieron las rondas de charlas exploratorias, las partes &#8220;decidieron continuar con las conversaciones formales&#8221;.<\/p>\n<p>&#8220;El inicio de las conversaciones con el ELN es un gran mensaje, porque despu\u00e9s del resultado desfavorable del plebiscito del 2 de octubre hab\u00eda mucho peligro de que retroceda la paz y de que las FARC tomen las armas nuevamente&#8221;, evalu\u00f3 el mandatario, seg\u00fan reportaron DPA y EFE.<\/p>\n<p>A su turno, el canciller ecuatoriano, Guillaume Long, se\u00f1al\u00f3 que por &#8220;razones de seguridad&#8221; no se revelar\u00e1 antes del 27 de octubre, d\u00eda fijado para la apertura de la mesa de di\u00e1logo, el lugar donde se desarrollar\u00e1n los contactos formales.<\/p>\n<p>El diplom\u00e1tico revel\u00f3 que previo al anuncio, se dieron en territorio ecuatoriano y en otros pa\u00edses unas 30 reuniones secretas.<\/p>\n","protected":false},"excerpt":{"rendered":"<p>El presidente de Ecuador consider\u00f3 &#8220;cruciales&#8221; las negociaciones por el peligro que las FARC retomaran las armas tras el triunfo del no en el plebiscito &nbsp; &nbsp; &nbsp; El presidente de Ecuador, Rafael Correa, dijo que espera que las conversaciones de paz entre el Gobierno de Colombia y el Ej\u00e9rcito de Liberaci\u00f3n Nacional (ELN) sean &#8220;cortas y contundentes&#8221; y las consider\u00f3 &#8220;cruciales&#8221; debido a que hab\u00eda mucho peligro que las FARC retomaran las armas despu\u00e9s del desfavorable resultado del plebiscito. &#8220;Ojal\u00e1 sean cortas, contundentes y exitosas para sellar la paz&#8230;<\/p>\n","protected":false},"author":3,"featured_media":2529,"comment_status":"closed","ping_status":"closed","sticky":false,"template":"","format":"standard","meta":[],"categories":[4],"tags":[],"_links":{"self":[{"href":"https:\/\/www.actualidadadiario.com\/index.php\/wp-json\/wp\/v2\/posts\/2528"}],"collection":[{"href":"https:\/\/www.actualidadadiario.com\/index.php\/wp-json\/wp\/v2\/posts"}],"about":[{"href":"https:\/\/www.actualidadadiario.com\/index.php\/wp-json\/wp\/v2\/types\/post"}],"author":[{"embeddable":true,"href":"https:\/\/www.actualidadadiario.com\/index.php\/wp-json\/wp\/v2\/users\/3"}],"replies":[{"embeddable":true,"href":"https:\/\/www.actualidadadiario.com\/index.php\/wp-json\/wp\/v2\/comments?post=2528"}],"version-history":[{"count":1,"href":"https:\/\/www.actualidadadiario.com\/index.php\/wp-json\/wp\/v2\/posts\/2528\/revisions"}],"predecessor-version":[{"id":2530,"href":"https:\/\/www.actualidadadiario.com\/index.php\/wp-json\/wp\/v2\/posts\/2528\/revisions\/2530"}],"wp:featuredmedia":[{"embeddable":true,"href":"https:\/\/www.actualidadadiario.com\/index.php\/wp-json\/wp\/v2\/media\/2529"}],"wp:attachment":[{"href":"https:\/\/www.actualidadadiario.com\/index.php\/wp-json\/wp\/v2\/media?parent=2528"}],"wp:term":[{"taxonomy":"category","embeddable":true,"href":"https:\/\/www.actualidadadiario.com\/index.php\/wp-json\/wp\/v2\/categories?post=2528"},{"taxonomy":"post_tag","embeddable":true,"href":"https:\/\/www.actualidadadiario.com\/index.php\/wp-json\/wp\/v2\/tags?post=2528"}],"curies":[{"name":"wp","href":"https:\/\/api.w.org\/{rel}","templated":true}]}}