{"id":25247,"date":"2018-03-28T11:02:19","date_gmt":"2018-03-28T14:02:19","guid":{"rendered":"http:\/\/actualidadadiario.com\/site\/?p=25247"},"modified":"2018-11-06T19:49:06","modified_gmt":"2018-11-06T22:49:06","slug":"el-gobierno-nacional-declara-la-emergencia-agropecuaria-en-entre-rios-por-sequia","status":"publish","type":"post","link":"https:\/\/www.actualidadadiario.com\/index.php\/2018\/03\/28\/el-gobierno-nacional-declara-la-emergencia-agropecuaria-en-entre-rios-por-sequia\/","title":{"rendered":"El Gobierno nacional declara la emergencia agropecuaria en Entre R\u00edos por sequ\u00eda"},"content":{"rendered":"<p><em><strong>La medida hab\u00eda sido recomendada por la Comisi\u00f3n Nacional de Emergencias y Desastres Agropecuarios<\/strong><\/em><\/p>\n<p>&nbsp;<\/p>\n<p>&nbsp;<\/p>\n<p>&nbsp;<\/p>\n<p>&nbsp;<\/p>\n<p>El estado de emergencia y\/ o desastre agropecuario en todo el territorio provincial se efectivizar\u00e1 esta semana cuando se plasme en el Bolet\u00edn Oficial, como consecuencia de la intensa sequ\u00eda que afecta a las producciones agr\u00edcolas, lecheras, ganaderas, citr\u00edcolas, frut\u00edcolas, hort\u00edcolas, forestales y ap\u00edcolas. Ser\u00e1 por un plazo de 12 meses, contados desde el 1 de marzo de 2018.<\/p>\n<p>&nbsp;<\/p>\n<p>La declaraci\u00f3n por parte del Ministerio de Agroindustria se da una semana despu\u00e9s de la recomendaci\u00f3n de la CNEyDA, \u201clo que muestra la voluntad del gobierno nacional de buscar soluciones y contribuir de la manera m\u00e1s r\u00e1pida con los productores que est\u00e1n atravesando por esta situaci\u00f3n\u201d, se indic\u00f3 oficialmente.<\/p>\n<p>&nbsp;<\/p>\n<p>El ministro de Agroindustria, Luis Miguel Etchevehere, se\u00f1al\u00f3: &#8220;Entendemos la dif\u00edcil situaci\u00f3n que est\u00e1 atravesando el productor y por eso, nuestro compromiso es poner a disposici\u00f3n todas las herramientas disponibles para que sepan que el Estado Nacional no los va a dejar solos&#8221;, y por eso, a partir de esto &#8220;se puede acceder a una serie de beneficios dispuestos por la Ley de Emergencia que permita mitigar el efecto de la sequ\u00eda&#8221;, remarc\u00f3 Etchevehere.<\/p>\n<p>&nbsp;<\/p>\n<p>Los siguientes son algunos beneficios impositivos que contemplan la Ley de Emergencia agropecuaria nacional: diferimiento del vencimiento general de las obligaciones impositivas de pago de las DDJJ y\/o anticipos del impuesto a las ganancias, sobre los bienes personales, a la ganancia m\u00ednima presunta y el fondo para educaci\u00f3n y promoci\u00f3n cooperativa; suspensi\u00f3n del t\u00e9rmino corrido de prescripci\u00f3n y caducidad de instancia; deducci\u00f3n del impuesto a las ganancias por venta forzosa de hacienda y Plan de Facilidades Permanente para contribuyentes alcanzados por la emergencia y\/o desastre agropecuario en aportes de la seguridad social y en contribuciones patronales e IVA; y beneficios bancarios a trav\u00e9s del Banco de la Naci\u00f3n como la espera de vencimientos desde la declaraci\u00f3n de emergencia hasta la finalizaci\u00f3n del ciclo productivo, entre otras medidas.<\/p>\n","protected":false},"excerpt":{"rendered":"<p>La medida hab\u00eda sido recomendada por la Comisi\u00f3n Nacional de Emergencias y Desastres Agropecuarios &nbsp; &nbsp; &nbsp; &nbsp; El estado de emergencia y\/ o desastre agropecuario en todo el territorio provincial se efectivizar\u00e1 esta semana cuando se plasme en el Bolet\u00edn Oficial, como consecuencia de la intensa sequ\u00eda que afecta a las producciones agr\u00edcolas, lecheras, ganaderas, citr\u00edcolas, frut\u00edcolas, hort\u00edcolas, forestales y ap\u00edcolas. Ser\u00e1 por un plazo de 12 meses, contados desde el 1 de marzo de 2018. &nbsp; La declaraci\u00f3n por parte del Ministerio de Agroindustria se da una semana&#8230;<\/p>\n","protected":false},"author":3,"featured_media":25110,"comment_status":"closed","ping_status":"closed","sticky":false,"template":"","format":"standard","meta":[],"categories":[15],"tags":[],"_links":{"self":[{"href":"https:\/\/www.actualidadadiario.com\/index.php\/wp-json\/wp\/v2\/posts\/25247"}],"collection":[{"href":"https:\/\/www.actualidadadiario.com\/index.php\/wp-json\/wp\/v2\/posts"}],"about":[{"href":"https:\/\/www.actualidadadiario.com\/index.php\/wp-json\/wp\/v2\/types\/post"}],"author":[{"embeddable":true,"href":"https:\/\/www.actualidadadiario.com\/index.php\/wp-json\/wp\/v2\/users\/3"}],"replies":[{"embeddable":true,"href":"https:\/\/www.actualidadadiario.com\/index.php\/wp-json\/wp\/v2\/comments?post=25247"}],"version-history":[{"count":1,"href":"https:\/\/www.actualidadadiario.com\/index.php\/wp-json\/wp\/v2\/posts\/25247\/revisions"}],"predecessor-version":[{"id":25248,"href":"https:\/\/www.actualidadadiario.com\/index.php\/wp-json\/wp\/v2\/posts\/25247\/revisions\/25248"}],"wp:featuredmedia":[{"embeddable":true,"href":"https:\/\/www.actualidadadiario.com\/index.php\/wp-json\/wp\/v2\/media\/25110"}],"wp:attachment":[{"href":"https:\/\/www.actualidadadiario.com\/index.php\/wp-json\/wp\/v2\/media?parent=25247"}],"wp:term":[{"taxonomy":"category","embeddable":true,"href":"https:\/\/www.actualidadadiario.com\/index.php\/wp-json\/wp\/v2\/categories?post=25247"},{"taxonomy":"post_tag","embeddable":true,"href":"https:\/\/www.actualidadadiario.com\/index.php\/wp-json\/wp\/v2\/tags?post=25247"}],"curies":[{"name":"wp","href":"https:\/\/api.w.org\/{rel}","templated":true}]}}