{"id":2522,"date":"2016-10-12T10:11:26","date_gmt":"2016-10-12T13:11:26","guid":{"rendered":"http:\/\/actualidadadiario.com\/site\/?p=2522"},"modified":"2016-10-12T10:11:26","modified_gmt":"2016-10-12T13:11:26","slug":"de-la-sota-duro-con-macri-no-veo-al-gobierno-con-imaginacion-para-resolver-la-pobreza","status":"publish","type":"post","link":"https:\/\/www.actualidadadiario.com\/index.php\/2016\/10\/12\/de-la-sota-duro-con-macri-no-veo-al-gobierno-con-imaginacion-para-resolver-la-pobreza\/","title":{"rendered":"De la Sota, duro con Macri: &#8220;No veo al Gobierno con imaginaci\u00f3n para resolver la pobreza&#8221;"},"content":{"rendered":"<p class=\"preview\" style=\"background: white;\"><em><strong><span style=\"font-size: 15.0pt; font-family: 'Arial','sans-serif'; color: black;\">El ex gobernador de C\u00f3rdoba dijo que &#8220;pensaron que solo el cambio de gobierno iba a traer inversiones y hasta ahora no est\u00e1 ocurriendo&#8221;<\/span><\/strong><\/em><\/p>\n<p class=\"preview\" style=\"background: white;\"><span style=\"font-size: 15.0pt; font-family: 'Arial','sans-serif'; color: black;\">\u00a0<\/span><\/p>\n<p class=\"preview\" style=\"background: white;\"><span style=\"font-size: 15.0pt; font-family: 'Arial','sans-serif'; color: black;\">\u00a0<\/span><\/p>\n<p class=\"preview\" style=\"background: white;\"><span style=\"font-size: 15.0pt; font-family: 'Arial','sans-serif'; color: black;\">\u00a0<\/span><\/p>\n<p class=\"preview\" style=\"background: white;\"><span style=\"font-size: 15.0pt; font-family: 'Arial','sans-serif'; color: black;\">\u00a0<\/span><\/p>\n<p class=\"preview\" style=\"background: white;\"><span style=\"font-size: 15.0pt; font-family: 'Arial','sans-serif'; color: black;\">El ex gobernador de C\u00f3rdoba, Juan Manuel De la Sota, asegur\u00f3 que el Gobierno todav\u00eda &#8220;no ha tenido \u00e9xito&#8221; en bajar la pobreza y consider\u00f3 que &#8220;no&#8221; tiene &#8220;imaginaci\u00f3n para resolver&#8221; la problem\u00e1tica.<\/span><\/p>\n<p class=\"preview\" style=\"background: white;\"><span style=\"font-size: 15.0pt; font-family: 'Arial','sans-serif'; color: black;\">\u00a0<\/span><\/p>\n<p class=\"preview\" style=\"background: white;\"><span style=\"font-size: 15.0pt; font-family: 'Arial','sans-serif'; color: black;\">El ex gobernador calific\u00f3 que el gobierno del presidente Mauricio Macri &#8220;ha tenido un error de diagn\u00f3stico&#8221; porque &#8220;pensaron que solo el cambio de gobierno iba a traer inversiones y hasta ahora no est\u00e1 ocurriendo&#8221;.<\/span><\/p>\n<p class=\"preview\" style=\"background: white;\"><span style=\"font-size: 15.0pt; font-family: 'Arial','sans-serif'; color: black;\">\u00a0<\/span><\/p>\n<p class=\"preview\" style=\"background: white;\"><span style=\"font-size: 15.0pt; font-family: 'Arial','sans-serif'; color: black;\">\u00a0<\/span><\/p>\n<p class=\"preview\" style=\"background: white;\"><span style=\"font-size: 15.0pt; font-family: 'Arial','sans-serif'; color: black;\">En una entrevista con el diario espa\u00f1ol El Pa\u00eds, el ex gobernador cordob\u00e9s defini\u00f3 a UNA como &#8220;una oposici\u00f3n constructiva, racional&#8221; que busca romper con la l\u00f3gica de que &#8220;el que gana se queda con todo y el que pierde mira desde afuera&#8221;.<\/span><\/p>\n<p class=\"preview\" style=\"background: white;\"><span style=\"font-size: 15.0pt; font-family: 'Arial','sans-serif'; color: black;\">\u00a0<\/span><\/p>\n<p class=\"preview\" style=\"background: white;\"><span style=\"font-size: 15.0pt; font-family: 'Arial','sans-serif'; color: black;\">&#8220;Hasta ahora no ha tenido \u00e9xito, pero deseo que lo tenga. No veo al gobierno con imaginaci\u00f3n para resolverlo. Ahora vamos a plantear un programa de empleo para salir de esta emergencia&#8221;, afirm\u00f3 el ex mandatario provincial al referirse a la lucha contra la pobreza, una de las premisas de la campa\u00f1a electoral de Cambiemos.<\/span><\/p>\n","protected":false},"excerpt":{"rendered":"<p>El ex gobernador de C\u00f3rdoba dijo que &#8220;pensaron que solo el cambio de gobierno iba a traer inversiones y hasta ahora no est\u00e1 ocurriendo&#8221; \u00a0 \u00a0 \u00a0 \u00a0 El ex gobernador de C\u00f3rdoba, Juan Manuel De la Sota, asegur\u00f3 que el Gobierno todav\u00eda &#8220;no ha tenido \u00e9xito&#8221; en bajar la pobreza y consider\u00f3 que &#8220;no&#8221; tiene &#8220;imaginaci\u00f3n para resolver&#8221; la problem\u00e1tica. \u00a0 El ex gobernador calific\u00f3 que el gobierno del presidente Mauricio Macri &#8220;ha tenido un error de diagn\u00f3stico&#8221; porque &#8220;pensaron que solo el cambio de gobierno iba a traer&#8230;<\/p>\n","protected":false},"author":3,"featured_media":2523,"comment_status":"closed","ping_status":"closed","sticky":false,"template":"","format":"standard","meta":[],"categories":[18],"tags":[],"_links":{"self":[{"href":"https:\/\/www.actualidadadiario.com\/index.php\/wp-json\/wp\/v2\/posts\/2522"}],"collection":[{"href":"https:\/\/www.actualidadadiario.com\/index.php\/wp-json\/wp\/v2\/posts"}],"about":[{"href":"https:\/\/www.actualidadadiario.com\/index.php\/wp-json\/wp\/v2\/types\/post"}],"author":[{"embeddable":true,"href":"https:\/\/www.actualidadadiario.com\/index.php\/wp-json\/wp\/v2\/users\/3"}],"replies":[{"embeddable":true,"href":"https:\/\/www.actualidadadiario.com\/index.php\/wp-json\/wp\/v2\/comments?post=2522"}],"version-history":[{"count":1,"href":"https:\/\/www.actualidadadiario.com\/index.php\/wp-json\/wp\/v2\/posts\/2522\/revisions"}],"predecessor-version":[{"id":2524,"href":"https:\/\/www.actualidadadiario.com\/index.php\/wp-json\/wp\/v2\/posts\/2522\/revisions\/2524"}],"wp:featuredmedia":[{"embeddable":true,"href":"https:\/\/www.actualidadadiario.com\/index.php\/wp-json\/wp\/v2\/media\/2523"}],"wp:attachment":[{"href":"https:\/\/www.actualidadadiario.com\/index.php\/wp-json\/wp\/v2\/media?parent=2522"}],"wp:term":[{"taxonomy":"category","embeddable":true,"href":"https:\/\/www.actualidadadiario.com\/index.php\/wp-json\/wp\/v2\/categories?post=2522"},{"taxonomy":"post_tag","embeddable":true,"href":"https:\/\/www.actualidadadiario.com\/index.php\/wp-json\/wp\/v2\/tags?post=2522"}],"curies":[{"name":"wp","href":"https:\/\/api.w.org\/{rel}","templated":true}]}}