{"id":252,"date":"2016-08-24T08:29:37","date_gmt":"2016-08-24T11:29:37","guid":{"rendered":"http:\/\/actualidadadiario.com\/site\/?p=252"},"modified":"2016-08-24T08:29:37","modified_gmt":"2016-08-24T11:29:37","slug":"se-siente-fuerte-el-paro-docente-en-todo-el-pais","status":"publish","type":"post","link":"https:\/\/www.actualidadadiario.com\/index.php\/2016\/08\/24\/se-siente-fuerte-el-paro-docente-en-todo-el-pais\/","title":{"rendered":"Se siente fuerte el paro docente en todo el pa\u00eds"},"content":{"rendered":"<h3><em>Gremios docentes nacionales adhirieron a la huelga que varios sindicatos realizan este mi\u00e9rcoles. En el caso de los maestros, el paro alcanza a todas las escuelas p\u00fablicas y privadas de los tres niveles<\/em><\/h3>\n<p>&nbsp;<\/p>\n<p>&nbsp;<\/p>\n<p>La ratificaci\u00f3n de la medida de fuerza fue realizada en una conferencia de prensa de los dirigentes de los sindicatos convocantes, en la sede la CONADU, ubicada en Pasco 255 de la Ciudad de Buenos Aires.<\/p>\n<p>Adem\u00e1s, de la CONADU participar\u00e1n del paro la Confederaci\u00f3n de Trabajadores de la Educaci\u00f3n (CTERA), el Sindicato de Docentes Privados (SADOP), la Confederaci\u00f3n de la Educaci\u00f3n Argentina (CEA), la Uni\u00f3n Docentes Argentinos (UDA), la CONADU Hist\u00f3rica y la Asociaci\u00f3n de Maestros de Escuelas T\u00e9cnicas (AMET).<\/p>\n<p>Ante el &#8220;deterioro del poder adquisitivo, producto de la alta inflaci\u00f3n y el ajuste econ\u00f3mico&#8221;\u00a0y debido a que, como reclaman, el Gobierno Nacional no reabre la paritaria del sector, los siete gremios docentes nacionales ratificaron la jornada de paro en todo el pa\u00eds para el mi\u00e9rcoles.<\/p>\n<p>Los dirigentes sindicales sumaron a los fundamentos de la huelga nacional &#8220;la subejecuci\u00f3n de los presupuestos educativos que en algunos casos, como en infraestructura y equipamiento escolar, llegan al 9 por ciento\u201d.<\/p>\n<p>El paro alcanzar\u00e1 a todas las escuelas p\u00fablicas y privadas del pa\u00eds en los tres niveles, en raz\u00f3n de que los gremios universitarios, a trav\u00e9s de Conadu, forman parte de la convocatoria.<\/p>\n","protected":false},"excerpt":{"rendered":"<p>Gremios docentes nacionales adhirieron a la huelga que varios sindicatos realizan este mi\u00e9rcoles. En el caso de los maestros, el paro alcanza a todas las escuelas p\u00fablicas y privadas de los tres niveles &nbsp; &nbsp; La ratificaci\u00f3n de la medida de fuerza fue realizada en una conferencia de prensa de los dirigentes de los sindicatos convocantes, en la sede la CONADU, ubicada en Pasco 255 de la Ciudad de Buenos Aires. Adem\u00e1s, de la CONADU participar\u00e1n del paro la Confederaci\u00f3n de Trabajadores de la Educaci\u00f3n (CTERA), el Sindicato de Docentes&#8230;<\/p>\n","protected":false},"author":3,"featured_media":253,"comment_status":"closed","ping_status":"open","sticky":false,"template":"","format":"standard","meta":[],"categories":[9,2],"tags":[],"_links":{"self":[{"href":"https:\/\/www.actualidadadiario.com\/index.php\/wp-json\/wp\/v2\/posts\/252"}],"collection":[{"href":"https:\/\/www.actualidadadiario.com\/index.php\/wp-json\/wp\/v2\/posts"}],"about":[{"href":"https:\/\/www.actualidadadiario.com\/index.php\/wp-json\/wp\/v2\/types\/post"}],"author":[{"embeddable":true,"href":"https:\/\/www.actualidadadiario.com\/index.php\/wp-json\/wp\/v2\/users\/3"}],"replies":[{"embeddable":true,"href":"https:\/\/www.actualidadadiario.com\/index.php\/wp-json\/wp\/v2\/comments?post=252"}],"version-history":[{"count":1,"href":"https:\/\/www.actualidadadiario.com\/index.php\/wp-json\/wp\/v2\/posts\/252\/revisions"}],"predecessor-version":[{"id":254,"href":"https:\/\/www.actualidadadiario.com\/index.php\/wp-json\/wp\/v2\/posts\/252\/revisions\/254"}],"wp:featuredmedia":[{"embeddable":true,"href":"https:\/\/www.actualidadadiario.com\/index.php\/wp-json\/wp\/v2\/media\/253"}],"wp:attachment":[{"href":"https:\/\/www.actualidadadiario.com\/index.php\/wp-json\/wp\/v2\/media?parent=252"}],"wp:term":[{"taxonomy":"category","embeddable":true,"href":"https:\/\/www.actualidadadiario.com\/index.php\/wp-json\/wp\/v2\/categories?post=252"},{"taxonomy":"post_tag","embeddable":true,"href":"https:\/\/www.actualidadadiario.com\/index.php\/wp-json\/wp\/v2\/tags?post=252"}],"curies":[{"name":"wp","href":"https:\/\/api.w.org\/{rel}","templated":true}]}}