{"id":2515,"date":"2016-10-12T09:56:01","date_gmt":"2016-10-12T12:56:01","guid":{"rendered":"http:\/\/actualidadadiario.com\/site\/?p=2515"},"modified":"2016-10-12T09:56:01","modified_gmt":"2016-10-12T12:56:01","slug":"cuestiones-laborales-y-de-organizacion-abordaron-autoridades-del-cge","status":"publish","type":"post","link":"https:\/\/www.actualidadadiario.com\/index.php\/2016\/10\/12\/cuestiones-laborales-y-de-organizacion-abordaron-autoridades-del-cge\/","title":{"rendered":"Cuestiones laborales y de organizaci\u00f3n abordaron autoridades del CGE"},"content":{"rendered":"<p><em><strong>El pleno de vocales del Consejo General de Educaci\u00f3n (CGE), encabezados por el presidente Jos\u00e9 Luis Panozzo, se reuni\u00f3 este martes para tratar diversos temas, entre ellos la recalificaci\u00f3n laboral; la titularizaci\u00f3n de escuelas secundarias; concursos ordinarios y reclamos por antig\u00fcedad, entre otros<\/strong><\/em><\/p>\n<p>&nbsp;<\/p>\n<p>&nbsp;<\/p>\n<p>&nbsp;<\/p>\n<p>&nbsp;<\/p>\n<p>&nbsp;<\/p>\n<p>Estuvieron presentes los vocales, Gast\u00f3n Etchepare, Marcela Mange\u00f3n, Rita Nievas y Perla Florent\u00edn (representante gremial).<\/p>\n<p>Sobre el tema de la recalificaci\u00f3n laboral, la vocal gremial Perla Florent\u00edn destac\u00f3 la necesidad de conceptualizar convenientemente la recalificaci\u00f3n laboral y\/o cambio de funciones.<\/p>\n<p>Se dialog\u00f3 adem\u00e1s, sobre la titularizaci\u00f3n de escuelas secundarias, sobre lo cual se lleg\u00f3 al acuerdo de agilizar todo tr\u00e1mite que se encuentre aun en tratamiento en el \u00e1rea de Jurado de Concursos.<\/p>\n<p>Otro de los temas fue el de los Concursos Ordinarios, donde se se\u00f1al\u00f3 que se ha trabajado en ritmo normal en lo referido a la determinaci\u00f3n de las vacantes y relevamiento.<\/p>\n<p>Form\u00f3 parte de la agenda el tema de los docentes con patolog\u00edas oncol\u00f3gicas, respecto a lo cual se acord\u00f3 trabajar en la normativa existente, para revisarla en funci\u00f3n de la necesidad del personal que padece este tipo de situaci\u00f3n.<\/p>\n<p>Se trabaj\u00f3 adem\u00e1s sobre reclamos de antig\u00fcedad, concluyendo que se atender\u00e1 aquellos casos particulares que vienen d\u00e1ndose con dificultades y atendiendo aquellos problemas que tengan que ver con cargas del sistema inform\u00e1tico y los que han sido por omisi\u00f3n docente en cuanto reclamo en concursos o listados provisorios anteriores.<\/p>\n<p>Entre otros temas tambi\u00e9n se abord\u00f3 la elaboraci\u00f3n del digesto con la normativa del sistema y reedici\u00f3n de la norma que regula roles y funciones de los supervisores, directivos y asesores pedag\u00f3gicos.<\/p>\n","protected":false},"excerpt":{"rendered":"<p>El pleno de vocales del Consejo General de Educaci\u00f3n (CGE), encabezados por el presidente Jos\u00e9 Luis Panozzo, se reuni\u00f3 este martes para tratar diversos temas, entre ellos la recalificaci\u00f3n laboral; la titularizaci\u00f3n de escuelas secundarias; concursos ordinarios y reclamos por antig\u00fcedad, entre otros &nbsp; &nbsp; &nbsp; &nbsp; &nbsp; Estuvieron presentes los vocales, Gast\u00f3n Etchepare, Marcela Mange\u00f3n, Rita Nievas y Perla Florent\u00edn (representante gremial). Sobre el tema de la recalificaci\u00f3n laboral, la vocal gremial Perla Florent\u00edn destac\u00f3 la necesidad de conceptualizar convenientemente la recalificaci\u00f3n laboral y\/o cambio de funciones. Se dialog\u00f3&#8230;<\/p>\n","protected":false},"author":3,"featured_media":2516,"comment_status":"closed","ping_status":"closed","sticky":false,"template":"","format":"standard","meta":[],"categories":[15],"tags":[],"_links":{"self":[{"href":"https:\/\/www.actualidadadiario.com\/index.php\/wp-json\/wp\/v2\/posts\/2515"}],"collection":[{"href":"https:\/\/www.actualidadadiario.com\/index.php\/wp-json\/wp\/v2\/posts"}],"about":[{"href":"https:\/\/www.actualidadadiario.com\/index.php\/wp-json\/wp\/v2\/types\/post"}],"author":[{"embeddable":true,"href":"https:\/\/www.actualidadadiario.com\/index.php\/wp-json\/wp\/v2\/users\/3"}],"replies":[{"embeddable":true,"href":"https:\/\/www.actualidadadiario.com\/index.php\/wp-json\/wp\/v2\/comments?post=2515"}],"version-history":[{"count":1,"href":"https:\/\/www.actualidadadiario.com\/index.php\/wp-json\/wp\/v2\/posts\/2515\/revisions"}],"predecessor-version":[{"id":2517,"href":"https:\/\/www.actualidadadiario.com\/index.php\/wp-json\/wp\/v2\/posts\/2515\/revisions\/2517"}],"wp:featuredmedia":[{"embeddable":true,"href":"https:\/\/www.actualidadadiario.com\/index.php\/wp-json\/wp\/v2\/media\/2516"}],"wp:attachment":[{"href":"https:\/\/www.actualidadadiario.com\/index.php\/wp-json\/wp\/v2\/media?parent=2515"}],"wp:term":[{"taxonomy":"category","embeddable":true,"href":"https:\/\/www.actualidadadiario.com\/index.php\/wp-json\/wp\/v2\/categories?post=2515"},{"taxonomy":"post_tag","embeddable":true,"href":"https:\/\/www.actualidadadiario.com\/index.php\/wp-json\/wp\/v2\/tags?post=2515"}],"curies":[{"name":"wp","href":"https:\/\/api.w.org\/{rel}","templated":true}]}}