{"id":2512,"date":"2016-10-12T09:53:17","date_gmt":"2016-10-12T12:53:17","guid":{"rendered":"http:\/\/actualidadadiario.com\/site\/?p=2512"},"modified":"2016-10-12T09:53:17","modified_gmt":"2016-10-12T12:53:17","slug":"avanza-el-proyecto-para-el-uso-de-energias-renovables-en-entre-rios","status":"publish","type":"post","link":"https:\/\/www.actualidadadiario.com\/index.php\/2016\/10\/12\/avanza-el-proyecto-para-el-uso-de-energias-renovables-en-entre-rios\/","title":{"rendered":"Avanza el proyecto para el uso de energ\u00edas renovables en Entre R\u00edos"},"content":{"rendered":"<p><em><strong>Diputados sancion\u00f3 la creaci\u00f3n del \u00c1rea de Pol\u00edticas de Identidad de G\u00e9nero y Diversidad Sexual. Tambi\u00e9n se aprob\u00f3 un proyecto por el que la Provincia adhiere a la ley nacional que fomenta el uso de energ\u00edas renovables<\/strong><\/em><\/p>\n<p>&nbsp;<\/p>\n<p>&nbsp;<\/p>\n<p>&nbsp;<\/p>\n<p>La C\u00e1mara de Diputados aprob\u00f3 este martes un proyecto de ley que dispone la creaci\u00f3n del \u00c1rea Provincial de Pol\u00edticas de Identidad de G\u00e9nero y Diversidad Sexual.<\/p>\n<p>El combate de la discriminaci\u00f3n, la xenofobia y el racismo, y la promoci\u00f3n de &#8220;la integraci\u00f3n social y la igualdad&#8221; son algunos de sus objetivos.<\/p>\n<p>La iniciativa aprobada es producto de la unificaci\u00f3n de dos proyectos, uno de la diputada Emilce Pross (FpV) y otro de la legisladora Gabriela Lena (Cambiemos).<\/p>\n<p>Pross (FpV), al argumentar, destac\u00f3 la necesidad de &#8220;crear un \u00e1rea m\u00e1s espec\u00edfica en lo que refiere a derechos humanos, mientras que Lena sostuvo que la comunicad de lesbianas, gays, bisexuales y personas transg\u00e9nero &#8220;es una de las m\u00e1s vulneradas&#8221; y la creaci\u00f3n del \u00e1rea en cuesti\u00f3n apunta a la puesta en marcha de derechos que ya fueron otorgados.<\/p>\n<p>Tal \u00e1rea funcionar\u00eda bajo el \u00e1mbito de la Subsecretar\u00eda de Derechos Humanos de la Secretar\u00eda de Justicia, dependiente del Ministerio de Gobierno.<\/p>\n<p>&nbsp;<\/p>\n<p>&nbsp;<\/p>\n<p><strong>Promoci\u00f3n de energ\u00edas renovables<\/strong><\/p>\n<p>La C\u00e1mara de Diputados tambi\u00e9n aprob\u00f3 un proyecto, producto de la unificaci\u00f3n de cinco iniciativas, por el que la Provincia adhiere a la ley nacional de &#8220;R\u00e9gimen de Fomento Nacional para el uso de Fuentes Renovables de Energ\u00eda destinada a la Producci\u00f3n de Energ\u00eda El\u00e9ctrica&#8221;.<\/p>\n<p>El diputado Joaqu\u00edn Lamadrid (Cambiemos) y la diputada Rosario Romero (FpV) fueron quienes explicaron los alcances del proyecto y destacaron la necesidad de &#8220;apuntar a la diversificaci\u00f3n de la matriz energ\u00e9tica&#8221;.<\/p>\n<p>Tambi\u00e9n el diputado Gustavo Zavallo (Frente Renovador) destac\u00f3 la necesidad de aprobar la iniciativa.<\/p>\n<p>&nbsp;<\/p>\n<p>&nbsp;<\/p>\n<p><strong>Energ\u00eda solar<\/strong><\/p>\n<p>Por otra parte, la C\u00e1mara de Diputados aprob\u00f3 un proyecto que propone la incorporaci\u00f3n &#8220;obligatoria y progresiva&#8221; de sistema de captaci\u00f3n de energ\u00eda solar para la producci\u00f3n de agua caliente sanitaria y sistemas de calefacci\u00f3n, en los proyectos de construcci\u00f3n de edificaciones p\u00fablicas.<\/p>\n<p>&nbsp;<\/p>\n<p>&nbsp;<\/p>\n<p><strong>Combustible para escuelas agrot\u00e9cnicas<\/strong><\/p>\n<p>Tambi\u00e9n se aprob\u00f3 un proyecto que modifica la ley que dispone los montos para combustible que las escuelas agrot\u00e9cnicas y t\u00e9cnicas de la provincia.<\/p>\n<p>&#8220;A los fines de agilizar los tr\u00e1mites administrativos, las escuelas agrot\u00e9cnicas y t\u00e9cnicas de jurisdicci\u00f3n del Gobierno de la Provincia de Entre R\u00edos quedan autorizadas efectuar compras de hasta el equivalente a dos mil litros de nafta com\u00fan fijado por las estaciones de servicios de Yacimiento Petrol\u00edferos Fiscales, sin previo cotejo de precios&#8221;, dice el proyecto, cuyo autor es el diputado \u00c1ngel V\u00e1zquez.<\/p>\n<p>&nbsp;<\/p>\n<p>&nbsp;<\/p>\n<p><strong>Paridad de g\u00e9nero<\/strong><\/p>\n<p>Tambi\u00e9n ingres\u00f3 un proyecto de ley que establece para Entre R\u00edos &#8220;el principio de equidad de g\u00e9nero que garantice la incorporaci\u00f3n proporcional de hombres y mujeres en el ejercicio de cargos p\u00fablicos electivos con representaci\u00f3n pol\u00edtica&#8221;.<\/p>\n<p>La iniciativa fue firmada por todas las diputadas. Cabe destacar que en la sesi\u00f3n anterior hab\u00eda ingresado un proyecto de similares caracter\u00edsticas del diputado Zavallo.<\/p>\n","protected":false},"excerpt":{"rendered":"<p>Diputados sancion\u00f3 la creaci\u00f3n del \u00c1rea de Pol\u00edticas de Identidad de G\u00e9nero y Diversidad Sexual. Tambi\u00e9n se aprob\u00f3 un proyecto por el que la Provincia adhiere a la ley nacional que fomenta el uso de energ\u00edas renovables &nbsp; &nbsp; &nbsp; La C\u00e1mara de Diputados aprob\u00f3 este martes un proyecto de ley que dispone la creaci\u00f3n del \u00c1rea Provincial de Pol\u00edticas de Identidad de G\u00e9nero y Diversidad Sexual. El combate de la discriminaci\u00f3n, la xenofobia y el racismo, y la promoci\u00f3n de &#8220;la integraci\u00f3n social y la igualdad&#8221; son algunos de&#8230;<\/p>\n","protected":false},"author":3,"featured_media":2513,"comment_status":"closed","ping_status":"closed","sticky":false,"template":"","format":"standard","meta":[],"categories":[15],"tags":[],"_links":{"self":[{"href":"https:\/\/www.actualidadadiario.com\/index.php\/wp-json\/wp\/v2\/posts\/2512"}],"collection":[{"href":"https:\/\/www.actualidadadiario.com\/index.php\/wp-json\/wp\/v2\/posts"}],"about":[{"href":"https:\/\/www.actualidadadiario.com\/index.php\/wp-json\/wp\/v2\/types\/post"}],"author":[{"embeddable":true,"href":"https:\/\/www.actualidadadiario.com\/index.php\/wp-json\/wp\/v2\/users\/3"}],"replies":[{"embeddable":true,"href":"https:\/\/www.actualidadadiario.com\/index.php\/wp-json\/wp\/v2\/comments?post=2512"}],"version-history":[{"count":1,"href":"https:\/\/www.actualidadadiario.com\/index.php\/wp-json\/wp\/v2\/posts\/2512\/revisions"}],"predecessor-version":[{"id":2514,"href":"https:\/\/www.actualidadadiario.com\/index.php\/wp-json\/wp\/v2\/posts\/2512\/revisions\/2514"}],"wp:featuredmedia":[{"embeddable":true,"href":"https:\/\/www.actualidadadiario.com\/index.php\/wp-json\/wp\/v2\/media\/2513"}],"wp:attachment":[{"href":"https:\/\/www.actualidadadiario.com\/index.php\/wp-json\/wp\/v2\/media?parent=2512"}],"wp:term":[{"taxonomy":"category","embeddable":true,"href":"https:\/\/www.actualidadadiario.com\/index.php\/wp-json\/wp\/v2\/categories?post=2512"},{"taxonomy":"post_tag","embeddable":true,"href":"https:\/\/www.actualidadadiario.com\/index.php\/wp-json\/wp\/v2\/tags?post=2512"}],"curies":[{"name":"wp","href":"https:\/\/api.w.org\/{rel}","templated":true}]}}